{"id":518571,"date":"2018-02-22T12:33:10","date_gmt":"2018-02-22T18:33:10","guid":{"rendered":"https:\/\/www.futboltotal.com.mx\/?p=518571"},"modified":"2018-02-22T12:33:10","modified_gmt":"2018-02-22T18:33:10","slug":"la-impresionante-coleccion-de-camisetas-escudo","status":"publish","type":"post","link":"http:\/\/desarrollo.grupomedios.com\/futbol\/futbol-internacional\/la-impresionante-coleccion-de-camisetas-escudo\/2018\/02","title":{"rendered":"La impresionante colecci\u00f3n de camisetas-escudo"},"content":{"rendered":"<p>Todo fan\u00e1tico del futbol ha imaginado lo que ser\u00eda crear la camiseta de su club y lo que podr\u00eda crear con el escudo de su equipo, en esta ocasi\u00f3n la web de lacasaca.com comparte una serie de incre\u00edbles dise\u00f1os realizados por el usuario\u00a0@natodoldan\u00a0 quien junta los colores y el club en la camiseta.<\/p>\n<p>En la web indican que el dise\u00f1o es sencillamente una visi\u00f3n de c\u00f3mo ser\u00edan las camisetas si fueran hechas estrictamente con la idea del escudo:<\/p>\n<p><img decoding=\"async\" loading=\"lazy\" class=\"aligncenter size-full wp-image-518573\" src=\"https:\/\/www.futboltotal.com.mx\/wp-content\/uploads\/2018\/02\/camiseta-escudo-ajax.jpg\" alt=\"La impresionante colecci\u00f3n de camisetas-escudo 0\" srcset=\"http:\/\/desarrollo.grupomedios.com\/futbol\/wp-content\/uploads\/2018\/02\/camiseta-escudo-ajax.jpg 800w, http:\/\/desarrollo.grupomedios.com\/futbol\/wp-content\/uploads\/2018\/02\/camiseta-escudo-ajax-300x254.jpg 300w, http:\/\/desarrollo.grupomedios.com\/futbol\/wp-content\/uploads\/2018\/02\/camiseta-escudo-ajax-768x649.jpg 768w\" sizes=\"(max-width: 800px) 100vw, 800px\" \/> <img decoding=\"async\" loading=\"lazy\" class=\"aligncenter size-full wp-image-518574\" src=\"https:\/\/www.futboltotal.com.mx\/wp-content\/uploads\/2018\/02\/camiseta-escudo-arsenal.jpg\" alt=\"La impresionante colecci\u00f3n de camisetas-escudo 1\" srcset=\"http:\/\/desarrollo.grupomedios.com\/futbol\/wp-content\/uploads\/2018\/02\/camiseta-escudo-arsenal.jpg 800w, http:\/\/desarrollo.grupomedios.com\/futbol\/wp-content\/uploads\/2018\/02\/camiseta-escudo-arsenal-300x254.jpg 300w, http:\/\/desarrollo.grupomedios.com\/futbol\/wp-content\/uploads\/2018\/02\/camiseta-escudo-arsenal-768x649.jpg 768w\" sizes=\"(max-width: 800px) 100vw, 800px\" \/> <img decoding=\"async\" loading=\"lazy\" class=\"aligncenter size-full wp-image-518575\" src=\"https:\/\/www.futboltotal.com.mx\/wp-content\/uploads\/2018\/02\/camiseta-escudo-atleti.jpg\" alt=\"La impresionante colecci\u00f3n de camisetas-escudo 2\" srcset=\"http:\/\/desarrollo.grupomedios.com\/futbol\/wp-content\/uploads\/2018\/02\/camiseta-escudo-atleti.jpg 800w, http:\/\/desarrollo.grupomedios.com\/futbol\/wp-content\/uploads\/2018\/02\/camiseta-escudo-atleti-300x254.jpg 300w, http:\/\/desarrollo.grupomedios.com\/futbol\/wp-content\/uploads\/2018\/02\/camiseta-escudo-atleti-768x649.jpg 768w\" sizes=\"(max-width: 800px) 100vw, 800px\" \/> <img decoding=\"async\" loading=\"lazy\" class=\"aligncenter size-full wp-image-518576\" src=\"https:\/\/www.futboltotal.com.mx\/wp-content\/uploads\/2018\/02\/camiseta-escudo-barca.jpg\" alt=\"La impresionante colecci\u00f3n de camisetas-escudo 3\" srcset=\"http:\/\/desarrollo.grupomedios.com\/futbol\/wp-content\/uploads\/2018\/02\/camiseta-escudo-barca.jpg 800w, http:\/\/desarrollo.grupomedios.com\/futbol\/wp-content\/uploads\/2018\/02\/camiseta-escudo-barca-300x254.jpg 300w, http:\/\/desarrollo.grupomedios.com\/futbol\/wp-content\/uploads\/2018\/02\/camiseta-escudo-barca-768x649.jpg 768w\" sizes=\"(max-width: 800px) 100vw, 800px\" \/><\/p>\n<p style=\"text-align: center;\"><a href=\"https:\/\/www.futboltotal.com.mx\/futbol-mexicano\/liga-mx\/cruz-azul-ya-esta-en-busca-sustituto-caixinha\/2018\/02\">VER M\u00c1S: Cruz Azul ya est\u00e1 en busca de sustituto para Caixinha<\/a><\/p>\n<p><img decoding=\"async\" loading=\"lazy\" class=\"aligncenter size-full wp-image-518577\" src=\"https:\/\/www.futboltotal.com.mx\/wp-content\/uploads\/2018\/02\/camiseta-escudo-bayern.jpg\" alt=\"La impresionante colecci\u00f3n de camisetas-escudo 4\" srcset=\"http:\/\/desarrollo.grupomedios.com\/futbol\/wp-content\/uploads\/2018\/02\/camiseta-escudo-bayern.jpg 800w, http:\/\/desarrollo.grupomedios.com\/futbol\/wp-content\/uploads\/2018\/02\/camiseta-escudo-bayern-300x254.jpg 300w, http:\/\/desarrollo.grupomedios.com\/futbol\/wp-content\/uploads\/2018\/02\/camiseta-escudo-bayern-768x649.jpg 768w\" sizes=\"(max-width: 800px) 100vw, 800px\" \/> <img decoding=\"async\" loading=\"lazy\" class=\"aligncenter size-full wp-image-518578\" src=\"https:\/\/www.futboltotal.com.mx\/wp-content\/uploads\/2018\/02\/camiseta-escudo-city.jpg\" alt=\"La impresionante colecci\u00f3n de camisetas-escudo 5\" srcset=\"http:\/\/desarrollo.grupomedios.com\/futbol\/wp-content\/uploads\/2018\/02\/camiseta-escudo-city.jpg 800w, http:\/\/desarrollo.grupomedios.com\/futbol\/wp-content\/uploads\/2018\/02\/camiseta-escudo-city-300x254.jpg 300w, http:\/\/desarrollo.grupomedios.com\/futbol\/wp-content\/uploads\/2018\/02\/camiseta-escudo-city-768x649.jpg 768w\" sizes=\"(max-width: 800px) 100vw, 800px\" \/> <img decoding=\"async\" loading=\"lazy\" class=\"aligncenter size-full wp-image-518579\" src=\"https:\/\/www.futboltotal.com.mx\/wp-content\/uploads\/2018\/02\/camiseta-escudo-fiorentina.jpg\" alt=\"La impresionante colecci\u00f3n de camisetas-escudo 6\" srcset=\"http:\/\/desarrollo.grupomedios.com\/futbol\/wp-content\/uploads\/2018\/02\/camiseta-escudo-fiorentina.jpg 800w, http:\/\/desarrollo.grupomedios.com\/futbol\/wp-content\/uploads\/2018\/02\/camiseta-escudo-fiorentina-300x254.jpg 300w, http:\/\/desarrollo.grupomedios.com\/futbol\/wp-content\/uploads\/2018\/02\/camiseta-escudo-fiorentina-768x649.jpg 768w\" sizes=\"(max-width: 800px) 100vw, 800px\" \/> <img decoding=\"async\" loading=\"lazy\" class=\"aligncenter size-full wp-image-518580\" src=\"https:\/\/www.futboltotal.com.mx\/wp-content\/uploads\/2018\/02\/camiseta-escudo-inter.jpg\" alt=\"La impresionante colecci\u00f3n de camisetas-escudo 7\" srcset=\"http:\/\/desarrollo.grupomedios.com\/futbol\/wp-content\/uploads\/2018\/02\/camiseta-escudo-inter.jpg 800w, http:\/\/desarrollo.grupomedios.com\/futbol\/wp-content\/uploads\/2018\/02\/camiseta-escudo-inter-300x254.jpg 300w, http:\/\/desarrollo.grupomedios.com\/futbol\/wp-content\/uploads\/2018\/02\/camiseta-escudo-inter-768x649.jpg 768w\" sizes=\"(max-width: 800px) 100vw, 800px\" \/> <img decoding=\"async\" loading=\"lazy\" class=\"aligncenter size-full wp-image-518581\" src=\"https:\/\/www.futboltotal.com.mx\/wp-content\/uploads\/2018\/02\/camiseta-escudo-psg.jpg\" alt=\"La impresionante colecci\u00f3n de camisetas-escudo 8\" srcset=\"http:\/\/desarrollo.grupomedios.com\/futbol\/wp-content\/uploads\/2018\/02\/camiseta-escudo-psg.jpg 800w, http:\/\/desarrollo.grupomedios.com\/futbol\/wp-content\/uploads\/2018\/02\/camiseta-escudo-psg-300x254.jpg 300w, http:\/\/desarrollo.grupomedios.com\/futbol\/wp-content\/uploads\/2018\/02\/camiseta-escudo-psg-768x649.jpg 768w\" sizes=\"(max-width: 800px) 100vw, 800px\" \/><\/p>\n<p style=\"text-align: center;\"><a href=\"https:\/\/www.futboltotal.com.mx\/futbol-internacional\/concachampions\/america-ya-mostro-grandeza-ahora-le-toca-a-chivas\/2018\/02\">VER M\u00c1S: Am\u00e9rica ya mostr\u00f3 su grandeza, ahora le toca a Chivas<\/a><\/p>\n","protected":false},"excerpt":{"rendered":"<p>Los dise\u00f1os se realizaron con un concepto b\u00e1sico pero que logra resultados impresionantes gracias al dise\u00f1o<\/p>\n","protected":false},"author":159,"featured_media":518582,"comment_status":"closed","ping_status":"closed","sticky":false,"template":"","format":"standard","meta":[],"categories":[3839],"tags":[6007,6115,1083,1053,227,8495,5993,1376],"_links":{"self":[{"href":"http:\/\/desarrollo.grupomedios.com\/futbol\/wp-json\/wp\/v2\/posts\/518571"}],"collection":[{"href":"http:\/\/desarrollo.grupomedios.com\/futbol\/wp-json\/wp\/v2\/posts"}],"about":[{"href":"http:\/\/desarrollo.grupomedios.com\/futbol\/wp-json\/wp\/v2\/types\/post"}],"author":[{"embeddable":true,"href":"http:\/\/desarrollo.grupomedios.com\/futbol\/wp-json\/wp\/v2\/users\/159"}],"replies":[{"embeddable":true,"href":"http:\/\/desarrollo.grupomedios.com\/futbol\/wp-json\/wp\/v2\/comments?post=518571"}],"version-history":[{"count":1,"href":"http:\/\/desarrollo.grupomedios.com\/futbol\/wp-json\/wp\/v2\/posts\/518571\/revisions"}],"predecessor-version":[{"id":518583,"href":"http:\/\/desarrollo.grupomedios.com\/futbol\/wp-json\/wp\/v2\/posts\/518571\/revisions\/518583"}],"wp:featuredmedia":[{"embeddable":true,"href":"http:\/\/desarrollo.grupomedios.com\/futbol\/wp-json\/wp\/v2\/media\/518582"}],"wp:attachment":[{"href":"http:\/\/desarrollo.grupomedios.com\/futbol\/wp-json\/wp\/v2\/media?parent=518571"}],"wp:term":[{"taxonomy":"category","embeddable":true,"href":"http:\/\/desarrollo.grupomedios.com\/futbol\/wp-json\/wp\/v2\/categories?post=518571"},{"taxonomy":"post_tag","embeddable":true,"href":"http:\/\/desarrollo.grupomedios.com\/futbol\/wp-json\/wp\/v2\/tags?post=518571"}],"curies":[{"name":"wp","href":"https:\/\/api.w.org\/{rel}","templated":true}]}}