{"id":518591,"date":"2018-02-21T18:00:12","date_gmt":"2018-02-22T00:00:12","guid":{"rendered":"https:\/\/www.futboltotal.com.mx\/?p=518591"},"modified":"2018-02-22T21:12:00","modified_gmt":"2018-02-23T03:12:00","slug":"cibao-vs-chivas-concachampions-en-vivo-minuto-a-minuto","status":"publish","type":"post","link":"http:\/\/desarrollo.grupomedios.com\/futbol\/futbol-internacional\/cibao-vs-chivas-concachampions-en-vivo-minuto-a-minuto\/2018\/02","title":{"rendered":"Cibao vs Chivas | Concachampions | EN VIVO: Minuto a minuto"},"content":{"rendered":"<p>Las <strong>Chivas Rayadas del Guadalajara<\/strong> visitan la casa del <strong>Cibao de Rep\u00fablica Dominicana<\/strong> en el juego de ida de los octavos de final de la <strong>Concachampions<\/strong>.<\/p>\n<iframe src=\"https:\/\/en-vivo.futboltotal.com.mx\/embed.php\/?id=\" width=\"100%\" id=\"frame_minuto\"><\/iframe>\n<p>El Reba\u00f1o Sagrado tiene una deuda m\u00e1s grande por la afici\u00f3n rojiblanca, y podr\u00eda empezar a saldarla si sale adelante de su serie contra el equipo dominicano.<\/p>\n<p>El Cibao es una instituci\u00f3n que tiene apenas tres a\u00f1os de existencia, y ya se ha metido a una competencia importante dentro de la Concacaf.<\/p>\n<p><strong>\u00a1NO TE PIERDAS EL MINUTO A MINUTO DEL CIBAO VS CHIVAS EN PUNTO DE LAS 19:00 HORAS!\u00a0 \u00a0<\/strong><\/p>\n","protected":false},"excerpt":{"rendered":"<p>El Reba\u00f1o visita la Rep\u00fablica Dominicana <\/p>\n","protected":false},"author":160,"featured_media":518593,"comment_status":"closed","ping_status":"closed","sticky":false,"template":"","format":"standard","meta":[],"categories":[5398,3839],"tags":[70,11842,3182],"_links":{"self":[{"href":"http:\/\/desarrollo.grupomedios.com\/futbol\/wp-json\/wp\/v2\/posts\/518591"}],"collection":[{"href":"http:\/\/desarrollo.grupomedios.com\/futbol\/wp-json\/wp\/v2\/posts"}],"about":[{"href":"http:\/\/desarrollo.grupomedios.com\/futbol\/wp-json\/wp\/v2\/types\/post"}],"author":[{"embeddable":true,"href":"http:\/\/desarrollo.grupomedios.com\/futbol\/wp-json\/wp\/v2\/users\/160"}],"replies":[{"embeddable":true,"href":"http:\/\/desarrollo.grupomedios.com\/futbol\/wp-json\/wp\/v2\/comments?post=518591"}],"version-history":[{"count":1,"href":"http:\/\/desarrollo.grupomedios.com\/futbol\/wp-json\/wp\/v2\/posts\/518591\/revisions"}],"predecessor-version":[{"id":518594,"href":"http:\/\/desarrollo.grupomedios.com\/futbol\/wp-json\/wp\/v2\/posts\/518591\/revisions\/518594"}],"wp:featuredmedia":[{"embeddable":true,"href":"http:\/\/desarrollo.grupomedios.com\/futbol\/wp-json\/wp\/v2\/media\/518593"}],"wp:attachment":[{"href":"http:\/\/desarrollo.grupomedios.com\/futbol\/wp-json\/wp\/v2\/media?parent=518591"}],"wp:term":[{"taxonomy":"category","embeddable":true,"href":"http:\/\/desarrollo.grupomedios.com\/futbol\/wp-json\/wp\/v2\/categories?post=518591"},{"taxonomy":"post_tag","embeddable":true,"href":"http:\/\/desarrollo.grupomedios.com\/futbol\/wp-json\/wp\/v2\/tags?post=518591"}],"curies":[{"name":"wp","href":"https:\/\/api.w.org\/{rel}","templated":true}]}}