{"id":518597,"date":"2018-02-22T15:45:44","date_gmt":"2018-02-22T21:45:44","guid":{"rendered":"https:\/\/www.futboltotal.com.mx\/?p=518597"},"modified":"2018-02-22T15:45:44","modified_gmt":"2018-02-22T21:45:44","slug":"chivas-negro-historial-en-la-concachampions","status":"publish","type":"post","link":"http:\/\/desarrollo.grupomedios.com\/futbol\/destacado-home\/chivas-negro-historial-en-la-concachampions\/2018\/02","title":{"rendered":"Chivas, y su negro historial en la Concachampions"},"content":{"rendered":"<p>Las <strong>Chivas Rayadas del Guadalajara<\/strong> inician su camino en la <strong>Liga de Campeones de Concacaf<\/strong> este jueves por la noche cuando enfrenten al Cibao de Rep\u00fablica Dominicana.<\/p>\n<p>El Reba\u00f1o Sagrado tiene un terrible historial en <strong>Concachampions<\/strong>, ya que s\u00f3lo ha podido ganar en una ocasi\u00f3n el torneo continental, y eso fue en su primera edici\u00f3n, en 1962.<\/p>\n<p>A partir de ese momento, <strong>Chivas<\/strong> ha sido una caricatura de equipo, ya que en las siguientes cinco participaciones no ha podido trascender.<\/p>\n<p>En par de ocasiones perdi\u00f3 los juegos sobre la mesa al conjuntarse los duelos de la Concacaf con otras competiciones o partidos a los cuales <strong>el Reba\u00f1o<\/strong> dio prioridad.<\/p>\n<p style=\"text-align: center;\"><span style=\"color: #333399;\"><a href=\"https:\/\/www.futboltotal.com.mx\/futbol-internacional\/cibao-vs-chivas-concachampions-en-vivo-minuto-a-minuto\/2018\/02\">VER M\u00c1S: <span class=\"item-title\">Cibao vs Chivas | Concachampions | EN VIVO: Minuto a minuto<\/span><\/a><\/span><\/p>\n<p>En 1997, las Chivas llegaron a semifinales pero cayeron con <strong>Cruz Azul<\/strong> en una eliminatoria a partido \u00fanico por 3-2.<\/p>\n<p>En 2007, llegaron hasta la final los del Reba\u00f1o, pero cayeron con el <strong>Pachuca<\/strong> y perdieron la oportunidad de trascender en Concacaf.<\/p>\n<p>Finalmente, en <strong>2012<\/strong> fue su \u00faltima participaci\u00f3n, y no pudieron pasar de la fase de grupos, en lo que fue una <strong>vergonzosa exhibici\u00f3n<\/strong>.<\/p>\n<p><strong>Mat\u00edas Almeyda<\/strong> y sus pupilos quieren devolverle la m\u00edstica internacional a las Chivas, y para buscar ir a un <strong>Mundial de Clubes<\/strong> tendr\u00e1n que comenzar su camino.<\/p>\n<p>&nbsp;<\/p>\n","protected":false},"excerpt":{"rendered":"<p>En 2012 fue la m\u00e1s vergonzosa exhibici\u00f3n del Reba\u00f1o Sagrado<\/p>\n","protected":false},"author":160,"featured_media":518599,"comment_status":"closed","ping_status":"closed","sticky":false,"template":"","format":"standard","meta":[],"categories":[5398,5,3839],"tags":[70,11842,3182],"_links":{"self":[{"href":"http:\/\/desarrollo.grupomedios.com\/futbol\/wp-json\/wp\/v2\/posts\/518597"}],"collection":[{"href":"http:\/\/desarrollo.grupomedios.com\/futbol\/wp-json\/wp\/v2\/posts"}],"about":[{"href":"http:\/\/desarrollo.grupomedios.com\/futbol\/wp-json\/wp\/v2\/types\/post"}],"author":[{"embeddable":true,"href":"http:\/\/desarrollo.grupomedios.com\/futbol\/wp-json\/wp\/v2\/users\/160"}],"replies":[{"embeddable":true,"href":"http:\/\/desarrollo.grupomedios.com\/futbol\/wp-json\/wp\/v2\/comments?post=518597"}],"version-history":[{"count":1,"href":"http:\/\/desarrollo.grupomedios.com\/futbol\/wp-json\/wp\/v2\/posts\/518597\/revisions"}],"predecessor-version":[{"id":518600,"href":"http:\/\/desarrollo.grupomedios.com\/futbol\/wp-json\/wp\/v2\/posts\/518597\/revisions\/518600"}],"wp:featuredmedia":[{"embeddable":true,"href":"http:\/\/desarrollo.grupomedios.com\/futbol\/wp-json\/wp\/v2\/media\/518599"}],"wp:attachment":[{"href":"http:\/\/desarrollo.grupomedios.com\/futbol\/wp-json\/wp\/v2\/media?parent=518597"}],"wp:term":[{"taxonomy":"category","embeddable":true,"href":"http:\/\/desarrollo.grupomedios.com\/futbol\/wp-json\/wp\/v2\/categories?post=518597"},{"taxonomy":"post_tag","embeddable":true,"href":"http:\/\/desarrollo.grupomedios.com\/futbol\/wp-json\/wp\/v2\/tags?post=518597"}],"curies":[{"name":"wp","href":"https:\/\/api.w.org\/{rel}","templated":true}]}}