{"id":518634,"date":"2018-02-23T10:26:14","date_gmt":"2018-02-23T16:26:14","guid":{"rendered":"https:\/\/www.futboltotal.com.mx\/?p=518634"},"modified":"2018-02-23T10:26:14","modified_gmt":"2018-02-23T16:26:14","slug":"ponchito-gonzalez-estudiante-atlas-se-graduo-en-rayados","status":"publish","type":"post","link":"http:\/\/desarrollo.grupomedios.com\/futbol\/destacado-home\/ponchito-gonzalez-estudiante-atlas-se-graduo-en-rayados\/2018\/02","title":{"rendered":"Ponchito Gonz\u00e1lez, el estudiante de Atlas que se gradu\u00f3 en Rayados"},"content":{"rendered":"<p><strong>Arturo Alfonso Gonz\u00e1lez<\/strong> es un joven futbolistas que desde sus inicios mostr\u00f3 la calidad que posee, se dio a conocer con la <strong>Selecci\u00f3n Mexicana Sub 17<\/strong> durante la <strong>Copa del Mundo de 2011<\/strong> en donde el cuadro mexicano levant\u00f3 el t\u00edtulo; posteriormente comenz\u00f3 a tener protagonismo como jugador de los <strong>Rojinegros del Atlas,<\/strong> pero es hoy a sus 23 a\u00f1os donde se le ha visto m\u00e1s maduro con los <strong>Rayados de Monterrey.<\/strong><\/p>\n<h2>Comienzo que ilusiona<\/h2>\n<p>Con la camiseta &#8217;10&#8217; el futbolista tuvo su primer vitrina en aquella Copa del Mundo Sub 17 disputada en M\u00e9xico, en el certamen mostr\u00f3 su calidad para crear juego y tambi\u00e9n llegar al arco; anot\u00f3 un gol ante Holanda en el \u00faltimo partido de la fase de grupos. En total disput\u00f3 375 minutos en aquel torneo y logr\u00f3, adem\u00e1s de su gol, una asistencia. De inmediato se gan\u00f3 un lugar para empezar en primera divisi\u00f3n con los Rojinegros del Atlas.<\/p>\n<p><img decoding=\"async\" loading=\"lazy\" class=\"aligncenter size-full wp-image-518642\" src=\"https:\/\/www.futboltotal.com.mx\/wp-content\/uploads\/2018\/02\/ponchito-gonzalez-sub-17.jpg\" alt=\"Ponchito Gonz\u00e1lez, el estudiante de Atlas que se gradu\u00f3 en Rayados 0\" srcset=\"http:\/\/desarrollo.grupomedios.com\/futbol\/wp-content\/uploads\/2018\/02\/ponchito-gonzalez-sub-17.jpg 960w, http:\/\/desarrollo.grupomedios.com\/futbol\/wp-content\/uploads\/2018\/02\/ponchito-gonzalez-sub-17-300x169.jpg 300w, http:\/\/desarrollo.grupomedios.com\/futbol\/wp-content\/uploads\/2018\/02\/ponchito-gonzalez-sub-17-768x432.jpg 768w, http:\/\/desarrollo.grupomedios.com\/futbol\/wp-content\/uploads\/2018\/02\/ponchito-gonzalez-sub-17-393x221.jpg 393w\" sizes=\"(max-width: 960px) 100vw, 960px\" \/><\/p>\n<h2>El talento con los Rojinegro<\/h2>\n<p>Fue en el Apertura 2012 donde todo comenz\u00f3 para el canterano Rojinegro, quien disput\u00f3 5 encuentros e incluso logr\u00f3 una anotaci\u00f3n en aquel certamen. En los siguientes dos torneos de la Liga MX, el futbolista tuvo poca participaci\u00f3n con el primer equipo, pero segu\u00eda estando en el radar de los estrategas quienes a pesar de ponerlo a jugar con la Sub 20, lo llevaban habitualmente con el primer equipo a la banca.<\/p>\n<p>Fue en el Clausura 2014 con Tom\u00e1s Boy con quien empez\u00f3 a tomar un protagonismo importante con el equipo; aquel torneo disput\u00f3 15 encuentros y se apunt\u00f3 tres anotaciones, parec\u00eda que la perla se estaba puliendo. En el Apertura 2014 logr\u00f3 completar 17 juegos en el torneo y se agenci\u00f3 cuatro goles, &#8216;Ponchito&#8217; viv\u00eda un momento perfecto a su joven edad.<\/p>\n<p><img decoding=\"async\" loading=\"lazy\" class=\"aligncenter size-full wp-image-518643\" src=\"https:\/\/www.futboltotal.com.mx\/wp-content\/uploads\/2018\/02\/poncho-gonzalez-apertura-2012.jpg\" alt=\"Ponchito Gonz\u00e1lez, el estudiante de Atlas que se gradu\u00f3 en Rayados 1\" srcset=\"http:\/\/desarrollo.grupomedios.com\/futbol\/wp-content\/uploads\/2018\/02\/poncho-gonzalez-apertura-2012.jpg 1280w, http:\/\/desarrollo.grupomedios.com\/futbol\/wp-content\/uploads\/2018\/02\/poncho-gonzalez-apertura-2012-300x169.jpg 300w, http:\/\/desarrollo.grupomedios.com\/futbol\/wp-content\/uploads\/2018\/02\/poncho-gonzalez-apertura-2012-768x432.jpg 768w, http:\/\/desarrollo.grupomedios.com\/futbol\/wp-content\/uploads\/2018\/02\/poncho-gonzalez-apertura-2012-1024x576.jpg 1024w, http:\/\/desarrollo.grupomedios.com\/futbol\/wp-content\/uploads\/2018\/02\/poncho-gonzalez-apertura-2012-393x221.jpg 393w\" sizes=\"(max-width: 1280px) 100vw, 1280px\" \/><\/p>\n<p style=\"text-align: center;\"><a href=\"https:\/\/www.futboltotal.com.mx\/futbol-internacional\/liga-de-inglaterra\/la-polemica-se-desata-alexis-sanchez-paul-pogba\/2018\/02\">VER M\u00c1S: La pol\u00e9mica se desata entre Alexis S\u00e1nchez y Paul Pogba<\/a><\/p>\n<h2>Momento clave<\/h2>\n<p>En el Clausura 2015 sin duda vivi\u00f3 un momento que le marcar\u00eda en su etapa como jugador del Atlas, durante un Cl\u00e1sico Tapat\u00edo ante Chivas de Guadalajara tuvo la oportunidad de cobrar un penal para empatar el encuentro, el talentoso futbolista intent\u00f3 hacer un lujo y cobr\u00f3 a lo &#8216;Panenka&#8217;, algo que le cost\u00f3 muy caro pues el guardameta Luis Michel le tumb\u00f3 el adorno.<\/p>\n<p><iframe loading=\"lazy\" src=\"https:\/\/www.youtube.com\/embed\/7MOr_U20dM4\" frameborder=\"0\" allowfullscreen=\"allowfullscreen\"><\/iframe><\/p>\n<p>Entre el Apertura 2015 y Clausura 2016, el canterano Rojinegro todav\u00eda disput\u00f3 25 encuentros en la Liga MX, aunque solo meti\u00f3 tres goles y sus minutos dentro del terreno se vieron disminuidos, hab\u00eda algo roto entre Gonz\u00e1lez, el club y la afici\u00f3n, una espinita clavada que era muy dif\u00edcil de quitarse; esta raz\u00f3n lo llev\u00f3 a buscar un nuevo destino.<\/p>\n<h2>En Rayados deja de ser &#8216;Ponchito&#8217;<\/h2>\n<p>Alfonso Gonz\u00e1lez sali\u00f3 de la instituci\u00f3n Rojinegra para llegar a un club de n\u00f3mina muy alta como Rayados de Monterrey; luego de una temporada con muchos futbolistas, en el Clausura 2017 apenas disput\u00f3 un encuentro, pero de ah\u00ed en adelante se ha convertido en un futbolista que le ha ido llenando el ojo a Antonio Mohamed.<\/p>\n<p>Durante el Apertura 2017 disput\u00f3 12 encuentros y se convirti\u00f3 en un hombre clave para llegar a la final del certamen, adem\u00e1s que logr\u00f3 coronarse en la Copa MX, a pesar que sus minutos no eran muchos se pod\u00eda sentir que algo ven\u00eda, pues el mediocampista estaba dejando sello de su calidad.<\/p>\n<p>Para el actual Clausura 2018 parece que el futbolista de 23 a\u00f1os se est\u00e1 consolidando, ha disputado los ocho juegos del certamen y ya se ha colocado en el marcador en\u00a0 cuatro ocasiones, incluso a puesto en la banca al uruguayo Carlos S\u00e1nchez. Este Viernes se enfrentar\u00e1 a su ex equipo en el Estadio Jalisco, ya con otra cara, m\u00e1s maduro; ha dejado de ser &#8216;Ponchito&#8217; para convertirse en Alfonso.<\/p>\n<p><img decoding=\"async\" loading=\"lazy\" class=\"aligncenter size-full wp-image-518644\" src=\"https:\/\/www.futboltotal.com.mx\/wp-content\/uploads\/2018\/02\/alfonso-gonzalez-rayados-.jpg\" alt=\"Ponchito Gonz\u00e1lez, el estudiante de Atlas que se gradu\u00f3 en Rayados 2\" srcset=\"http:\/\/desarrollo.grupomedios.com\/futbol\/wp-content\/uploads\/2018\/02\/alfonso-gonzalez-rayados-.jpg 1136w, http:\/\/desarrollo.grupomedios.com\/futbol\/wp-content\/uploads\/2018\/02\/alfonso-gonzalez-rayados--300x169.jpg 300w, http:\/\/desarrollo.grupomedios.com\/futbol\/wp-content\/uploads\/2018\/02\/alfonso-gonzalez-rayados--768x432.jpg 768w, http:\/\/desarrollo.grupomedios.com\/futbol\/wp-content\/uploads\/2018\/02\/alfonso-gonzalez-rayados--1024x576.jpg 1024w, http:\/\/desarrollo.grupomedios.com\/futbol\/wp-content\/uploads\/2018\/02\/alfonso-gonzalez-rayados--393x221.jpg 393w\" sizes=\"(max-width: 1136px) 100vw, 1136px\" \/><\/p>\n<p style=\"text-align: center;\"><a href=\"https:\/\/www.futboltotal.com.mx\/futbol-internacional\/nike-presenta-sus-deslumbrantes-mercurial\/2018\/02\">VER M\u00c1S: Nike presenta sus deslumbrantes Mercurial<\/a><\/p>\n","protected":false},"excerpt":{"rendered":"<p>El ex Rojinegro no pudo brillar, pero con el equipo del norte ha logrado mostrar su mejor nivel<\/p>\n","protected":false},"author":159,"featured_media":518645,"comment_status":"closed","ping_status":"closed","sticky":false,"template":"","format":"standard","meta":[],"categories":[5,2198,3845],"tags":[4071,5961,9028,64,5505,1329],"_links":{"self":[{"href":"http:\/\/desarrollo.grupomedios.com\/futbol\/wp-json\/wp\/v2\/posts\/518634"}],"collection":[{"href":"http:\/\/desarrollo.grupomedios.com\/futbol\/wp-json\/wp\/v2\/posts"}],"about":[{"href":"http:\/\/desarrollo.grupomedios.com\/futbol\/wp-json\/wp\/v2\/types\/post"}],"author":[{"embeddable":true,"href":"http:\/\/desarrollo.grupomedios.com\/futbol\/wp-json\/wp\/v2\/users\/159"}],"replies":[{"embeddable":true,"href":"http:\/\/desarrollo.grupomedios.com\/futbol\/wp-json\/wp\/v2\/comments?post=518634"}],"version-history":[{"count":1,"href":"http:\/\/desarrollo.grupomedios.com\/futbol\/wp-json\/wp\/v2\/posts\/518634\/revisions"}],"predecessor-version":[{"id":518646,"href":"http:\/\/desarrollo.grupomedios.com\/futbol\/wp-json\/wp\/v2\/posts\/518634\/revisions\/518646"}],"wp:featuredmedia":[{"embeddable":true,"href":"http:\/\/desarrollo.grupomedios.com\/futbol\/wp-json\/wp\/v2\/media\/518645"}],"wp:attachment":[{"href":"http:\/\/desarrollo.grupomedios.com\/futbol\/wp-json\/wp\/v2\/media?parent=518634"}],"wp:term":[{"taxonomy":"category","embeddable":true,"href":"http:\/\/desarrollo.grupomedios.com\/futbol\/wp-json\/wp\/v2\/categories?post=518634"},{"taxonomy":"post_tag","embeddable":true,"href":"http:\/\/desarrollo.grupomedios.com\/futbol\/wp-json\/wp\/v2\/tags?post=518634"}],"curies":[{"name":"wp","href":"https:\/\/api.w.org\/{rel}","templated":true}]}}