{"id":518635,"date":"2018-02-23T09:20:16","date_gmt":"2018-02-23T15:20:16","guid":{"rendered":"https:\/\/www.futboltotal.com.mx\/?p=518635"},"modified":"2018-02-23T09:20:16","modified_gmt":"2018-02-23T15:20:16","slug":"los-5-posibles-destinos-gareth-bale","status":"publish","type":"post","link":"http:\/\/desarrollo.grupomedios.com\/futbol\/futbol-internacional\/los-5-posibles-destinos-gareth-bale\/2018\/02","title":{"rendered":"Los 5 posibles destinos de Gareth Bale"},"content":{"rendered":"<p>El protagonismo de <strong>Gareth Bale<\/strong> con el <strong>Real Madrid<\/strong> ha ido disminuyendo con el paso del tiempo, desde su llegada en 2013 a cambio de 100 millones de euros se ha visto relegado al banquillo por el estratega franc\u00e9s, <strong>Zinedine Zidane<\/strong>, quien ha decidido no apostar por el en duelos clave de la presente temporada como lo fuera el choque ante el\u00a0Paris Saint Germain por la <strong>UEFA Champions League<\/strong>, esto sin duda ha calado hondo en el gal\u00e9s, quien ya est\u00e1 sopesando las ofertas que tiene en puerta.<\/p>\n<p>A pesar de las lesiones que lo han aquejado durante su etapa como merengue, de acuerdo con OK Diario, lo que le ha calado m\u00e1s hondo al futbolista es su reciente suplencia en <strong>LaLiga<\/strong> ante el <strong>Legan\u00e9s<\/strong>, en donde ten\u00edan un partido a media semana que ser\u00eda jugado con mayor\u00eda de suplentes y no fue parte de la alineaci\u00f3n titular. Por esta raz\u00f3n todo parece indicar que ser\u00e1 traspasado el pr\u00f3ximo verano.<\/p>\n<p style=\"text-align: center;\"><a href=\"https:\/\/www.futboltotal.com.mx\/futbol-mexicano\/liga-mx\/las-apuestas-jorge-vergara-las-chivas\/2018\/02\">VER M\u00c1S: Las apuestas de Jorge Vergara con las Chivas<\/a><\/p>\n<h3>Sus 5 opciones<\/h3>\n<p>De acuerdo con la publicaci\u00f3n, varios ser\u00edan los clubes que estar\u00edan en busca de hacerse con el futbolista para la siguiente temporada; sobre todo en la Premier League es donde han volteado a ver al futbolista de Gal\u00e9s. Uno de ellos ser\u00eda el Manchester United, quien por Jos\u00e9 Mourinho tendr\u00edan un gran inter\u00e9s, mientras que la contraparte de los Red Devils, el Manchester City tambi\u00e9n desear\u00eda al futbolista, sobre todo despu\u00e9s que se le escapara el fichaje de Alexis S\u00e1nchez.<\/p>\n<p><strong>Tottenham Hotspur<\/strong>\u00a0y\u00a0<strong>Chelsea\u00a0<\/strong>son dos de los equipos que de igual forma ya han preguntado por los servicios del jugador; los Spurs desean el regreso del hijo pr\u00f3digo, mientras que los Blues est\u00e1n en espera de saber sobre la continuidad de Antonio Conte para saber si van por el gal\u00e9s.<\/p>\n<p>La \u00faltima opci\u00f3n viene de Francia con el todo poderoso\u00a0<strong>Paris Saint Germain,\u00a0<\/strong>quien de igual manera ve probables varias salidas del club para el verano y no desea dejar de dar golpes de autoridad con su poder\u00edo econ\u00f3mico, el cual le permitir\u00e1 afrontar el fichaje de un jugador que ser\u00eda otra estrella en el club.<\/p>\n<p style=\"text-align: center;\"><a href=\"https:\/\/www.futboltotal.com.mx\/futbol-internacional\/la-impresionante-coleccion-de-camisetas-escudo\/2018\/02\">VER M\u00c1S: La impresionante colecci\u00f3n de camisetas-escudo<\/a><\/p>\n","protected":false},"excerpt":{"rendered":"<p>El gal\u00e9s no ha tenido una buena temporada con los merengues y todo parece indicar que se marchar\u00e1 en verano <\/p>\n","protected":false},"author":159,"featured_media":518636,"comment_status":"closed","ping_status":"closed","sticky":false,"template":"","format":"standard","meta":[],"categories":[3839,3844],"tags":[5981,6043,5993,43,1376,5988,7017],"_links":{"self":[{"href":"http:\/\/desarrollo.grupomedios.com\/futbol\/wp-json\/wp\/v2\/posts\/518635"}],"collection":[{"href":"http:\/\/desarrollo.grupomedios.com\/futbol\/wp-json\/wp\/v2\/posts"}],"about":[{"href":"http:\/\/desarrollo.grupomedios.com\/futbol\/wp-json\/wp\/v2\/types\/post"}],"author":[{"embeddable":true,"href":"http:\/\/desarrollo.grupomedios.com\/futbol\/wp-json\/wp\/v2\/users\/159"}],"replies":[{"embeddable":true,"href":"http:\/\/desarrollo.grupomedios.com\/futbol\/wp-json\/wp\/v2\/comments?post=518635"}],"version-history":[{"count":1,"href":"http:\/\/desarrollo.grupomedios.com\/futbol\/wp-json\/wp\/v2\/posts\/518635\/revisions"}],"predecessor-version":[{"id":518637,"href":"http:\/\/desarrollo.grupomedios.com\/futbol\/wp-json\/wp\/v2\/posts\/518635\/revisions\/518637"}],"wp:featuredmedia":[{"embeddable":true,"href":"http:\/\/desarrollo.grupomedios.com\/futbol\/wp-json\/wp\/v2\/media\/518636"}],"wp:attachment":[{"href":"http:\/\/desarrollo.grupomedios.com\/futbol\/wp-json\/wp\/v2\/media?parent=518635"}],"wp:term":[{"taxonomy":"category","embeddable":true,"href":"http:\/\/desarrollo.grupomedios.com\/futbol\/wp-json\/wp\/v2\/categories?post=518635"},{"taxonomy":"post_tag","embeddable":true,"href":"http:\/\/desarrollo.grupomedios.com\/futbol\/wp-json\/wp\/v2\/tags?post=518635"}],"curies":[{"name":"wp","href":"https:\/\/api.w.org\/{rel}","templated":true}]}}