{"id":518638,"date":"2018-02-23T09:44:57","date_gmt":"2018-02-23T15:44:57","guid":{"rendered":"https:\/\/www.futboltotal.com.mx\/?p=518638"},"modified":"2018-02-23T09:44:57","modified_gmt":"2018-02-23T15:44:57","slug":"la-polemica-se-desata-alexis-sanchez-paul-pogba","status":"publish","type":"post","link":"http:\/\/desarrollo.grupomedios.com\/futbol\/futbol-internacional\/la-polemica-se-desata-alexis-sanchez-paul-pogba\/2018\/02","title":{"rendered":"La pol\u00e9mica se desata entre Alexis S\u00e1nchez y Paul Pogba"},"content":{"rendered":"<p>El atacante chileno del <strong>Manchester United, Alexis S\u00e1nchez<\/strong> vive momentos complicados pues desde su llegada en enero pasado no ha mostrado el nivel que se esperaba y ahora a este problema en la baja de juego se le ha sumado una supuesta relaci\u00f3n complicada con otro de los pilares del equipo, el franc\u00e9s <strong>Paul Pogba<\/strong> quien tendr\u00eda una lucha de egos con el atacante andino, algo que estar\u00eda mermando a ambos, que no han logrado conexi\u00f3n alguna.<\/p>\n<p>De acuerdo a medios ingleses y ESPN, los rumores indican que el mediocampista galo estar\u00eda descontento con el hecho que S\u00e1nchez gana m\u00e1s dinero y que le ha quitado un poco el protagonismo como figura de los <strong>Red Devils<\/strong>, una pelea parecida a la que se dio en el <strong>Paris Saint-Germain<\/strong> entre <strong>Edinson Cavani y Neymar Jr.<\/strong><\/p>\n<p style=\"text-align: center;\"><a href=\"https:\/\/www.futboltotal.com.mx\/futbol-internacional\/europa-league\/listos-los-octavos-final-la-europa-league\/2018\/02\">VER M\u00c1S: \u00a1Listos los Octavos de Final de la Europa League!<\/a><\/p>\n<p>El ex futbolista <strong>Lothar Matthaus<\/strong> se refiri\u00f3 a la situaci\u00f3n que est\u00e1n viviendo y el problema que tiene en el vestidor el equipo de\u00a0Jos\u00e9 Mourinho;\u00a0<mark>&#8220;pienso que tienen el mismo problema de Edinson Cavani y Neymar en el PSG. Los dos juegan para ellos mismos y no para el equipo.<\/mark> En los partidos de alt\u00edsimo nivel, el coste es muy alto&#8221;, expres\u00f3 para el diario The Sun.<\/p>\n<p>&#8220;Pogba deber\u00eda jugar en el mismo equipo que Alexis S\u00e1nchez, pero no en el mismo lado del campo. Cuando est\u00e1n en el mismo flanco, hay un problema defensivo: Pogba deja ese lado muy abierto. Deber\u00edan jugar de una forma m\u00e1s compacta&#8221;, a\u00f1adi\u00f3. <mark>&#8220;El problema de Jos\u00e9 Mourinho es elegir a los jugadores que encajan en el sistema, pero por el momento no tengo la sensaci\u00f3n de que alguien est\u00e9 c\u00f3modo o de que este equipo funcione&#8221;<\/mark>, finaliz\u00f3.<\/p>\n<p style=\"text-align: center;\"><a href=\"https:\/\/www.futboltotal.com.mx\/futbol-internacional\/la-impresionante-coleccion-de-camisetas-escudo\/2018\/02\">VER M\u00c1S: La impresionante colecci\u00f3n de camisetas-escudo<\/a><\/p>\n<p>&nbsp;<\/p>\n","protected":false},"excerpt":{"rendered":"<p>Los futbolistas estar\u00edan viviendo una disputa en el Manchester United ambos en busca de protagonismo <\/p>\n","protected":false},"author":159,"featured_media":518639,"comment_status":"closed","ping_status":"closed","sticky":false,"template":"","format":"standard","meta":[],"categories":[3839,3846],"tags":[6053,288,11864,43,6104,334],"_links":{"self":[{"href":"http:\/\/desarrollo.grupomedios.com\/futbol\/wp-json\/wp\/v2\/posts\/518638"}],"collection":[{"href":"http:\/\/desarrollo.grupomedios.com\/futbol\/wp-json\/wp\/v2\/posts"}],"about":[{"href":"http:\/\/desarrollo.grupomedios.com\/futbol\/wp-json\/wp\/v2\/types\/post"}],"author":[{"embeddable":true,"href":"http:\/\/desarrollo.grupomedios.com\/futbol\/wp-json\/wp\/v2\/users\/159"}],"replies":[{"embeddable":true,"href":"http:\/\/desarrollo.grupomedios.com\/futbol\/wp-json\/wp\/v2\/comments?post=518638"}],"version-history":[{"count":1,"href":"http:\/\/desarrollo.grupomedios.com\/futbol\/wp-json\/wp\/v2\/posts\/518638\/revisions"}],"predecessor-version":[{"id":518640,"href":"http:\/\/desarrollo.grupomedios.com\/futbol\/wp-json\/wp\/v2\/posts\/518638\/revisions\/518640"}],"wp:featuredmedia":[{"embeddable":true,"href":"http:\/\/desarrollo.grupomedios.com\/futbol\/wp-json\/wp\/v2\/media\/518639"}],"wp:attachment":[{"href":"http:\/\/desarrollo.grupomedios.com\/futbol\/wp-json\/wp\/v2\/media?parent=518638"}],"wp:term":[{"taxonomy":"category","embeddable":true,"href":"http:\/\/desarrollo.grupomedios.com\/futbol\/wp-json\/wp\/v2\/categories?post=518638"},{"taxonomy":"post_tag","embeddable":true,"href":"http:\/\/desarrollo.grupomedios.com\/futbol\/wp-json\/wp\/v2\/tags?post=518638"}],"curies":[{"name":"wp","href":"https:\/\/api.w.org\/{rel}","templated":true}]}}