{"id":518655,"date":"2018-02-23T11:48:30","date_gmt":"2018-02-23T17:48:30","guid":{"rendered":"https:\/\/www.futboltotal.com.mx\/?p=518655"},"modified":"2018-02-23T11:48:30","modified_gmt":"2018-02-23T17:48:30","slug":"keylor-navas-se-marchara-a-la-premier-league","status":"publish","type":"post","link":"http:\/\/desarrollo.grupomedios.com\/futbol\/futbol-internacional\/keylor-navas-se-marchara-a-la-premier-league\/2018\/02","title":{"rendered":"Keylor Navas se marchar\u00e1 a la Premier League"},"content":{"rendered":"<p>A pesar de mostrar un nivel destacado, el guardameta de <strong>Costa Rica<\/strong>,\u00a0<strong>Keylor Navas\u00a0<\/strong>estar\u00eda muy cerca salir del <strong>Real Madrid<\/strong>, pues el cuadro merengue le estar\u00eda buscando salida ante la posibilidad de traer a uno de los arqueros que desean, ya sea a\u00a0<strong>David de Gea o\u00a0 Thibaut Courtois,<\/strong> lo cierto es que la directiva encabezada por Florentino P\u00e9rez quiere un cambio bajo los tres palos y necesita darle salida al portero de 31 a\u00f1os.<\/p>\n<p>En los tabloides ingleses no se ha parado el rumor en las \u00faltimas horas del inter\u00e9s que existe por parte de\u00a0<strong>J\u00fcrgen Klopp<\/strong>, actual estratega del <strong>Liverpool<\/strong> para hacerse con el guardameta costarricense para el mercado de fichajes de este verano y desembarque en la <strong>Premier League<\/strong>. Equipo que ya se habr\u00eda puesto en contacto con la directiva merengue para saber el estatus de su transferencia, algo que no parece complicado.<\/p>\n<p style=\"text-align: center;\"><a href=\"https:\/\/www.futboltotal.com.mx\/futbol-internacional\/liga-de-espana\/los-5-posibles-destinos-gareth-bale\/2018\/02\">VER M\u00c1S: Los 5 posibles destinos de Gareth Bale<\/a><\/p>\n<p>El estratega alem\u00e1n desea un guardameta de experiencia y garant\u00edas pues\u00a0<strong>Loris Karius,<\/strong> que tiene 16 partidos en todas las competencias y\u00a0<strong>Simon Mignolet<\/strong> con 22 apariciones no han logrado llenarle el ojo bajo los tres postes, por la misma raz\u00f3n ha existido una constante rotaci\u00f3n al respecto. Su primera opci\u00f3n se trata del\u00a0brasile\u00f1o <strong>Alisson del AS Roma,<\/strong> pero su precio de 80 millones de euros que podr\u00eda elevarse a final de temporada, lo hacen una opci\u00f3n poco factible, es ah\u00ed cuando entra en escena el costarricense.<\/p>\n<p>La decisi\u00f3n de la directiva merengue se reduce a encontrar un sustituto para Navas, pero desean que sea una total estrella; el precio por el guardameta Tico no podr\u00eda ser muy elevado y en Anfield ya se est\u00e1n planteando como una realidad su llegada a Inglaterra, pues se sabe que los siguieron en el partido que disput\u00f3 ante el Tottenham Hotspur por la UEFA Champions League con el Real Madrid.<\/p>\n<p style=\"text-align: center;\"><a href=\"https:\/\/www.futboltotal.com.mx\/futbol-internacional\/europa-league\/listos-los-octavos-final-la-europa-league\/2018\/02\">VER M\u00c1S: \u00a1Listos los Octavos de Final de la Europa League!<\/a><\/p>\n","protected":false},"excerpt":{"rendered":"<p>El costarricense se estar\u00eda despidiendo del conjunto merengue en el pr\u00f3ximo verano <\/p>\n","protected":false},"author":159,"featured_media":507051,"comment_status":"closed","ping_status":"closed","sticky":false,"template":"","format":"standard","meta":[],"categories":[3839,3846],"tags":[5590,5989,334,5988],"_links":{"self":[{"href":"http:\/\/desarrollo.grupomedios.com\/futbol\/wp-json\/wp\/v2\/posts\/518655"}],"collection":[{"href":"http:\/\/desarrollo.grupomedios.com\/futbol\/wp-json\/wp\/v2\/posts"}],"about":[{"href":"http:\/\/desarrollo.grupomedios.com\/futbol\/wp-json\/wp\/v2\/types\/post"}],"author":[{"embeddable":true,"href":"http:\/\/desarrollo.grupomedios.com\/futbol\/wp-json\/wp\/v2\/users\/159"}],"replies":[{"embeddable":true,"href":"http:\/\/desarrollo.grupomedios.com\/futbol\/wp-json\/wp\/v2\/comments?post=518655"}],"version-history":[{"count":1,"href":"http:\/\/desarrollo.grupomedios.com\/futbol\/wp-json\/wp\/v2\/posts\/518655\/revisions"}],"predecessor-version":[{"id":518657,"href":"http:\/\/desarrollo.grupomedios.com\/futbol\/wp-json\/wp\/v2\/posts\/518655\/revisions\/518657"}],"wp:featuredmedia":[{"embeddable":true,"href":"http:\/\/desarrollo.grupomedios.com\/futbol\/wp-json\/wp\/v2\/media\/507051"}],"wp:attachment":[{"href":"http:\/\/desarrollo.grupomedios.com\/futbol\/wp-json\/wp\/v2\/media?parent=518655"}],"wp:term":[{"taxonomy":"category","embeddable":true,"href":"http:\/\/desarrollo.grupomedios.com\/futbol\/wp-json\/wp\/v2\/categories?post=518655"},{"taxonomy":"post_tag","embeddable":true,"href":"http:\/\/desarrollo.grupomedios.com\/futbol\/wp-json\/wp\/v2\/tags?post=518655"}],"curies":[{"name":"wp","href":"https:\/\/api.w.org\/{rel}","templated":true}]}}