{"id":518656,"date":"2018-02-23T12:08:31","date_gmt":"2018-02-23T18:08:31","guid":{"rendered":"https:\/\/www.futboltotal.com.mx\/?p=518656"},"modified":"2018-02-23T12:08:31","modified_gmt":"2018-02-23T18:08:31","slug":"chucky-lozano-podria-suspendido-4-partidos","status":"publish","type":"post","link":"http:\/\/desarrollo.grupomedios.com\/futbol\/destacado-home\/chucky-lozano-podria-suspendido-4-partidos\/2018\/02","title":{"rendered":"Chucky Lozano podr\u00eda ser suspendido por 4 partidos"},"content":{"rendered":"<p>El atacante mexicano del <strong>PSV Eindhoven<\/strong>, <strong>Hirving &#8216;Chucky&#8217; Lozano<\/strong> se encuentra en un serio problema, pues tras la suspensi\u00f3n de tres partidos y la apelaci\u00f3n que intentara su equipo, la<strong>\u00a0Comisi\u00f3n Disciplinaria de la Liga Eredivisie<\/strong> estar\u00eda a punto de ser puesto en la congeladora por cuatro partidos.<\/p>\n<p>La semana pasada el mexicano realiz\u00f3 una acci\u00f3n violenta contra <strong>Lucas Woudenberg<\/strong>, futbolista del\u00a0S<strong>C Heerenveen<\/strong> y se march\u00f3 expulsado, posteriormente se hizo el anuncio que ser\u00eda tres partidos los que se marchar\u00eda; sin embargo este jueves por la noche, tras rechazar la apelaci\u00f3n del equipo Granjero, el\u00a0<b>Comit\u00e9 Disciplinario<\/b>\u00a0de la<b>\u00a0Federaci\u00f3n Holandesa de Futbol (KNVB)\u00a0<\/b>ha decidido dejarle los tres encuentros de suspensi\u00f3n m\u00e1s uno condicional.<\/p>\n<p><iframe loading=\"lazy\" src=\"https:\/\/www.youtube.com\/embed\/mxWBc_kXKyI\" frameborder=\"0\" allowfullscreen=\"allowfullscreen\"><\/iframe><\/p>\n<p style=\"text-align: center;\"><a href=\"https:\/\/www.futboltotal.com.mx\/futbol-mexicano\/liga-mx\/5-petardos-que-han-jugado-para-pumas-y-chivas\/2018\/02\">VER M\u00c1S: 5 petardos que han jugado para Pumas y Chivas<\/a><\/p>\n<p>De acuerdo con lo dicho por la Comisi\u00f3n Disciplinaria, el mexicano es culpable de golpear al oponente y el silbante\u00a0<strong>Dennis Higler<\/strong> tuvo la raz\u00f3n para echarle por tres partidos. A pesar de ello se espera otra apelaci\u00f3n por parte del PSV Eindhoven, sin embargo se presume en diarios holandeses que esta no proceder\u00e1.<\/p>\n<p>Por lo pronto el mexicano no podr\u00e1 ser parte de los encuentros ante\u00a0<strong>Feyenoord, FC Utrecht y Willem II<\/strong> y el condicional tiene un periodo de un a\u00f1o, es decir que si el futbolista comete otra infracci\u00f3n grave entonces\u00a0tendr\u00eda que cumplir dicho partido tambi\u00e9n.<\/p>\n<blockquote class=\"twitter-tweet\" data-width=\"500\">\n<p lang=\"nl\" dir=\"ltr\">Lozano voor drie duels uitgesloten door tuchtcommissie: <a href=\"https:\/\/t.co\/LpJRHVE1gT\">https:\/\/t.co\/LpJRHVE1gT<\/a>.<\/p>\n<p>&mdash; KNVB (@KNVB) <a href=\"https:\/\/twitter.com\/KNVB\/status\/966973480825769984?ref_src=twsrc%5Etfw\">February 23, 2018<\/a><\/p><\/blockquote>\n<p><script async src=\"https:\/\/platform.twitter.com\/widgets.js\" charset=\"utf-8\"><\/script><\/p>\n<p style=\"text-align: center;\"><a href=\"https:\/\/www.futboltotal.com.mx\/futbol-internacional\/nike-presenta-sus-deslumbrantes-mercurial\/2018\/02\">VER M\u00c1S: Nike presenta sus deslumbrantes Mercurial<\/a><\/p>\n","protected":false},"excerpt":{"rendered":"<p>El mexicano se ha metido en un grave problema luego de la expulsi\u00f3n que se le impuso en la Eredivisie<\/p>\n","protected":false},"author":159,"featured_media":514060,"comment_status":"closed","ping_status":"closed","sticky":false,"template":"","format":"standard","meta":[],"categories":[5,9721,3839],"tags":[6944,5196,3224],"_links":{"self":[{"href":"http:\/\/desarrollo.grupomedios.com\/futbol\/wp-json\/wp\/v2\/posts\/518656"}],"collection":[{"href":"http:\/\/desarrollo.grupomedios.com\/futbol\/wp-json\/wp\/v2\/posts"}],"about":[{"href":"http:\/\/desarrollo.grupomedios.com\/futbol\/wp-json\/wp\/v2\/types\/post"}],"author":[{"embeddable":true,"href":"http:\/\/desarrollo.grupomedios.com\/futbol\/wp-json\/wp\/v2\/users\/159"}],"replies":[{"embeddable":true,"href":"http:\/\/desarrollo.grupomedios.com\/futbol\/wp-json\/wp\/v2\/comments?post=518656"}],"version-history":[{"count":1,"href":"http:\/\/desarrollo.grupomedios.com\/futbol\/wp-json\/wp\/v2\/posts\/518656\/revisions"}],"predecessor-version":[{"id":518659,"href":"http:\/\/desarrollo.grupomedios.com\/futbol\/wp-json\/wp\/v2\/posts\/518656\/revisions\/518659"}],"wp:featuredmedia":[{"embeddable":true,"href":"http:\/\/desarrollo.grupomedios.com\/futbol\/wp-json\/wp\/v2\/media\/514060"}],"wp:attachment":[{"href":"http:\/\/desarrollo.grupomedios.com\/futbol\/wp-json\/wp\/v2\/media?parent=518656"}],"wp:term":[{"taxonomy":"category","embeddable":true,"href":"http:\/\/desarrollo.grupomedios.com\/futbol\/wp-json\/wp\/v2\/categories?post=518656"},{"taxonomy":"post_tag","embeddable":true,"href":"http:\/\/desarrollo.grupomedios.com\/futbol\/wp-json\/wp\/v2\/tags?post=518656"}],"curies":[{"name":"wp","href":"https:\/\/api.w.org\/{rel}","templated":true}]}}