{"id":518662,"date":"2018-02-23T13:14:34","date_gmt":"2018-02-23T19:14:34","guid":{"rendered":"https:\/\/www.futboltotal.com.mx\/?p=518662"},"modified":"2018-02-23T13:16:12","modified_gmt":"2018-02-23T19:16:12","slug":"la-conmebol-confirma-la-libertadores-se-definira-en-una-sola-final","status":"publish","type":"post","link":"http:\/\/desarrollo.grupomedios.com\/futbol\/futbol-internacional\/la-conmebol-confirma-la-libertadores-se-definira-en-una-sola-final\/2018\/02","title":{"rendered":"La CONMEBOL confirma que la Libertadores se definir\u00e1 en una sola final"},"content":{"rendered":"<p>Era un tema que se ven\u00eda hablando desde hace tiempo en Sudam\u00e9rica, y ahora finalmente qued\u00f3 confirmado y oficializado.<\/p>\n<p>Hoy viernes, luego de la reuni\u00f3n que se llev\u00f3 a cabo en Uruguay, la <em><strong>Confederaci\u00f3n Sudamericana de F\u00fatbol (CONMEBOL)<\/strong><\/em>\u00a0oficializ\u00f3 que <mark>a partir del 2019 la final de la<strong> Copa Libertadores<\/strong> sea a partido \u00fanico.<\/mark> Las sedes se confirmar\u00e1n con mucha antelaci\u00f3n <mark>y para el a\u00f1o que viene se habla de <strong>Lima,<\/strong><\/mark> aunque esto s\u00ed todav\u00eda no es oficial.<\/p>\n<p><em>&#8220;La final ser\u00e1 transmitida en un horario estelar desde un campo elegido con antelaci\u00f3n. M\u00e1s que un partido, este ser\u00e1 un gran evento deportivo, cultural y tur\u00edstico que traer\u00e1 grandes beneficios para el f\u00fatbol sudamericano&#8221;,<\/em>\u00a0dijo el Presidente de la CONMEBOL,\u00a0<strong>Alejandro Dom\u00ednguez.<\/strong><\/p>\n<p>Ser\u00e1 la primera vez en la historia del torneo que se disputar\u00e1 final \u00fanica; con lo llamativo de que en 1965, 1967 y 1968 se jug\u00f3 hasta un tercer partido para definir al campe\u00f3n.<\/p>\n<p style=\"text-align: center;\"><a href=\"https:\/\/www.futboltotal.com.mx\/futbol-internacional\/la-libertadores-dificil-ya-estan-los-mexicanos-riquelme\/2017\/12\">VER M\u00c1S: La Libertadores no es tan dif\u00edcil como antes, ya no est\u00e1n los mexicanos: Riquelme<\/a><\/p>\n<p>\u00bfLa buena noticia para las instituciones participantes? <mark>Cada finalista desde el 2019 se llevar\u00e1 2 millones de d\u00f3lares adicionales y el 25% de la recaudaci\u00f3n de la venta de boletos.<\/mark> Actualmente el campe\u00f3n recibe 6 millones de d\u00f3lares, y el subcampe\u00f3n 3 millones de la misma moneda.<\/p>\n<p>Seg\u00fan el anuncio, la aprobaci\u00f3n de la decisi\u00f3n fue por unanimidad. Por supuesto, <mark>la decisi\u00f3n fue inspirada en la <strong>Champions League<\/strong> y su final \u00fanica;<\/mark> que adem\u00e1s ofrece atractivo visual, colorido, mucho color y m\u00e1s que nada: la venta anticipada de boletos y el hecho de que se puede programar el viaje a la ciudad finalista con un tiempo considerable.<\/p>\n<p><em>&#8220;Esta emocionante contienda ofrecer\u00e1 un espect\u00e1culo deportivo de clase mundial y una mejor experiencia en casa y en el estadio. En t\u00e9rminos de desarrollo, proyectamos mayores ingresos para el torneo y para los clubes finalistas, as\u00ed como una mayor proyecci\u00f3n del f\u00fatbol sudamericano y de la Libertadores a nivel global\u201d<\/em>, finaliz\u00f3 <strong>Dom\u00ednguez.<\/strong><\/p>\n<p>El el siguiente tweet de la cuenta oficial de la <strong>CONMEBOL,<\/strong> se adjunta el comunicado oficial completo de la instituci\u00f3n:<\/p>\n<blockquote class=\"twitter-tweet\" data-width=\"500\">\n<p lang=\"es\" dir=\"ltr\">La <a href=\"https:\/\/twitter.com\/hashtag\/CONMEBOLLibertadores?src=hash&amp;ref_src=twsrc%5Etfw\">#CONMEBOLLibertadores<\/a> se definir\u00e1 en final \u00fanica a partir de 2019 con mayores beneficios a los clubes y la competencia.<br \/>\u25b6\ufe0f<a href=\"https:\/\/t.co\/qLvXCs6X0N\">https:\/\/t.co\/qLvXCs6X0N<\/a> <a href=\"https:\/\/t.co\/0DVUftbzGj\">pic.twitter.com\/0DVUftbzGj<\/a><\/p>\n<p>&mdash; CONMEBOL.com (@CONMEBOL) <a href=\"https:\/\/twitter.com\/CONMEBOL\/status\/967092788318924800?ref_src=twsrc%5Etfw\">February 23, 2018<\/a><\/p><\/blockquote>\n<p><script async src=\"https:\/\/platform.twitter.com\/widgets.js\" charset=\"utf-8\"><\/script><\/p>\n","protected":false},"excerpt":{"rendered":"<p>Al m\u00e1s puro estilo Champions League. Ser\u00e1 desde 2019. Solo queda confirmar la sede y todo indica que ser\u00eda en Lima.<\/p>\n","protected":false},"author":165,"featured_media":518663,"comment_status":"closed","ping_status":"closed","sticky":false,"template":"","format":"standard","meta":[],"categories":[3859,3839],"tags":[11866,1392,2189,1396,1752,2855],"_links":{"self":[{"href":"http:\/\/desarrollo.grupomedios.com\/futbol\/wp-json\/wp\/v2\/posts\/518662"}],"collection":[{"href":"http:\/\/desarrollo.grupomedios.com\/futbol\/wp-json\/wp\/v2\/posts"}],"about":[{"href":"http:\/\/desarrollo.grupomedios.com\/futbol\/wp-json\/wp\/v2\/types\/post"}],"author":[{"embeddable":true,"href":"http:\/\/desarrollo.grupomedios.com\/futbol\/wp-json\/wp\/v2\/users\/165"}],"replies":[{"embeddable":true,"href":"http:\/\/desarrollo.grupomedios.com\/futbol\/wp-json\/wp\/v2\/comments?post=518662"}],"version-history":[{"count":3,"href":"http:\/\/desarrollo.grupomedios.com\/futbol\/wp-json\/wp\/v2\/posts\/518662\/revisions"}],"predecessor-version":[{"id":518666,"href":"http:\/\/desarrollo.grupomedios.com\/futbol\/wp-json\/wp\/v2\/posts\/518662\/revisions\/518666"}],"wp:featuredmedia":[{"embeddable":true,"href":"http:\/\/desarrollo.grupomedios.com\/futbol\/wp-json\/wp\/v2\/media\/518663"}],"wp:attachment":[{"href":"http:\/\/desarrollo.grupomedios.com\/futbol\/wp-json\/wp\/v2\/media?parent=518662"}],"wp:term":[{"taxonomy":"category","embeddable":true,"href":"http:\/\/desarrollo.grupomedios.com\/futbol\/wp-json\/wp\/v2\/categories?post=518662"},{"taxonomy":"post_tag","embeddable":true,"href":"http:\/\/desarrollo.grupomedios.com\/futbol\/wp-json\/wp\/v2\/tags?post=518662"}],"curies":[{"name":"wp","href":"https:\/\/api.w.org\/{rel}","templated":true}]}}