{"id":518675,"date":"2018-02-23T16:46:00","date_gmt":"2018-02-23T22:46:00","guid":{"rendered":"https:\/\/www.futboltotal.com.mx\/?p=518675"},"modified":"2018-02-23T16:46:00","modified_gmt":"2018-02-23T22:46:00","slug":"la-federacion-inglesa-investiga-a-guardiola-por-un-lazo-amarillo","status":"publish","type":"post","link":"http:\/\/desarrollo.grupomedios.com\/futbol\/futbol-internacional\/la-federacion-inglesa-investiga-a-guardiola-por-un-lazo-amarillo\/2018\/02","title":{"rendered":"La Federaci\u00f3n Inglesa investiga a Guardiola por un lazo amarillo"},"content":{"rendered":"<p><mark>La Federaci\u00f3n Inglesa anunci\u00f3 hoy viernes que abrir\u00e1n un expediente a <strong>Pep Guardiola<\/strong><\/mark> por usar un lazo amarillo reclamando la libertad de los cuatro l\u00edderes independentistas catalanes encarcelados. La <strong><em>FA<\/em><\/strong> acusa al entrenador catal\u00e1n del Manchester City de <em>&#8220;llevar un mensaje pol\u00edtico, espec\u00edficamente un lazo amarillo&#8221;,<\/em> que rompe con las reglas de la federaci\u00f3n.<\/p>\n<p><strong>Guardiola,<\/strong> que lleva el lazo en todos los partidos y conferencias de prensa desde finales del a\u00f1o pasado, tiene hasta el <strong>lunes 5 de marzo<\/strong> para responder a la acusaci\u00f3n. De igual manera, el estratega ya estaba conciente de este hecho ya que en diciembre manifest\u00f3 que no le importaba acabar suspendido por este motivo.<\/p>\n<p style=\"text-align: center;\"><a href=\"https:\/\/www.futboltotal.com.mx\/futbol-internacional\/liga-de-inglaterra\/pep-guardiola-kun-aguero-pierden-la-cabeza-tras-derrota\/2018\/02\">VER M\u00c1S: Pep Guardiola y Kun Ag\u00fcero pierden la cabeza tras derrota<\/a><\/p>\n<p><mark>Medios ingleses indican que <strong>Pep<\/strong> podr\u00eda responder sobre el tema en su pr\u00f3xima conferencia de prensa,<\/mark> el domingo tras la final de la <em>Copa Carabao<\/em> (antes <em>Copa de la Liga<\/em>) contra el <strong>Arsenal.<\/strong> De todos modos, hace algunas semanas ya se expres\u00f3 al respecto.<em> &#8220;Hago esto porque en Espa\u00f1a dos personas precisas que defienden algo como votar<\/em> (&#8230;)<em> est\u00e1n en la c\u00e1rcel. Es injusto&#8221;,<\/em> dijo entonces refiri\u00e9ndose a <strong>Jordi S\u00e1nchez<\/strong> y <strong>Jordi Cuixart,<\/strong> los dos primeros l\u00edderes indepedentistas encarcelados (en la actualidad hay otros dos, <strong>Oriol Junqueras<\/strong> y <strong>Joaquim Forn<\/strong>). <em>&#8220;Si me quieren suspender -la UEFA, la Premier League, la FIFA-, est\u00e1 bien. Estar\u00e9 suspendido&#8221;,<\/em> dijo en conferencia de prensa.<\/p>\n<p><img decoding=\"async\" loading=\"lazy\" class=\"wp-image-518697 aligncenter\" src=\"https:\/\/www.futboltotal.com.mx\/wp-content\/uploads\/2018\/02\/PEP1.jpg\" alt=\"La Federaci\u00f3n Inglesa investiga a Guardiola por un lazo amarillo 0\" srcset=\"http:\/\/desarrollo.grupomedios.com\/futbol\/wp-content\/uploads\/2018\/02\/PEP1.jpg 1000w, http:\/\/desarrollo.grupomedios.com\/futbol\/wp-content\/uploads\/2018\/02\/PEP1-300x169.jpg 300w, http:\/\/desarrollo.grupomedios.com\/futbol\/wp-content\/uploads\/2018\/02\/PEP1-768x432.jpg 768w, http:\/\/desarrollo.grupomedios.com\/futbol\/wp-content\/uploads\/2018\/02\/PEP1-393x221.jpg 393w\" sizes=\"(max-width: 842px) 100vw, 842px\" \/><\/p>\n<p>&nbsp;<\/p>\n","protected":false},"excerpt":{"rendered":"<p>La expediente se abri\u00f3 debido a que Pep est\u00e1 comunicando un &#8220;mensaje pol\u00edtico&#8221;. Aqu\u00ed los detalles. <\/p>\n","protected":false},"author":165,"featured_media":518698,"comment_status":"closed","ping_status":"closed","sticky":false,"template":"","format":"standard","meta":[],"categories":[3839,3846],"tags":[6044,58,11869,2510,289,11500,5993,2497,1791,334],"_links":{"self":[{"href":"http:\/\/desarrollo.grupomedios.com\/futbol\/wp-json\/wp\/v2\/posts\/518675"}],"collection":[{"href":"http:\/\/desarrollo.grupomedios.com\/futbol\/wp-json\/wp\/v2\/posts"}],"about":[{"href":"http:\/\/desarrollo.grupomedios.com\/futbol\/wp-json\/wp\/v2\/types\/post"}],"author":[{"embeddable":true,"href":"http:\/\/desarrollo.grupomedios.com\/futbol\/wp-json\/wp\/v2\/users\/165"}],"replies":[{"embeddable":true,"href":"http:\/\/desarrollo.grupomedios.com\/futbol\/wp-json\/wp\/v2\/comments?post=518675"}],"version-history":[{"count":1,"href":"http:\/\/desarrollo.grupomedios.com\/futbol\/wp-json\/wp\/v2\/posts\/518675\/revisions"}],"predecessor-version":[{"id":518699,"href":"http:\/\/desarrollo.grupomedios.com\/futbol\/wp-json\/wp\/v2\/posts\/518675\/revisions\/518699"}],"wp:featuredmedia":[{"embeddable":true,"href":"http:\/\/desarrollo.grupomedios.com\/futbol\/wp-json\/wp\/v2\/media\/518698"}],"wp:attachment":[{"href":"http:\/\/desarrollo.grupomedios.com\/futbol\/wp-json\/wp\/v2\/media?parent=518675"}],"wp:term":[{"taxonomy":"category","embeddable":true,"href":"http:\/\/desarrollo.grupomedios.com\/futbol\/wp-json\/wp\/v2\/categories?post=518675"},{"taxonomy":"post_tag","embeddable":true,"href":"http:\/\/desarrollo.grupomedios.com\/futbol\/wp-json\/wp\/v2\/tags?post=518675"}],"curies":[{"name":"wp","href":"https:\/\/api.w.org\/{rel}","templated":true}]}}