{"id":518676,"date":"2018-02-23T14:50:35","date_gmt":"2018-02-23T20:50:35","guid":{"rendered":"https:\/\/www.futboltotal.com.mx\/?p=518676"},"modified":"2018-02-23T14:53:54","modified_gmt":"2018-02-23T20:53:54","slug":"oficial-hirving-lozano-suspendido-4-juegos","status":"publish","type":"post","link":"http:\/\/desarrollo.grupomedios.com\/futbol\/futbol-internacional\/oficial-hirving-lozano-suspendido-4-juegos\/2018\/02","title":{"rendered":"Es oficial: Chucky Lozano suspendido por 4 juegos"},"content":{"rendered":"<p><a href=\"https:\/\/www.futboltotal.com.mx\/futbol-internacional\/eredivisie\/chucky-lozano-podria-suspendido-4-partidos\/2018\/02\" target=\"_blank\" rel=\"noopener\">Esta ma\u00f1ana a primera hora era una alt\u00edsima posibilidad,<\/a> pero ahora ya qued\u00f3 oficializado. La apelaci\u00f3n no sirvi\u00f3.<\/p>\n<p><mark><strong>Hirving \u2018Chucky\u2019 Lozano<\/strong> qued\u00f3 suspendido por cuatro partidos,<\/mark> luego de que se confirm\u00f3 el castigo de tres encuentros por su expulsi\u00f3n ante el <strong>Heerenveen,<\/strong> adem\u00e1s de un juego m\u00e1s extra que ya ten\u00eda acumulado el atacante.<\/p>\n<p>Y es que tras su primera roja en septiembre, el delantero mexicano fue castigado por tres juegos. <mark>En ese momento el <strong>PSV Eindhoven<\/strong> protest\u00f3 la tarjeta y consigui\u00f3 bajo una apelaci\u00f3n que la sentencia quedara condicionada ante una nueva expulsi\u00f3n.<\/mark> Esto finalmente ocurri\u00f3 el fin de semana pasado.<\/p>\n<p style=\"text-align: center;\"><a href=\"https:\/\/www.futboltotal.com.mx\/futbol-internacional\/eredivisie\/chucky-lozano-desea-salir-del-psv-despues-rusia-2018\/2018\/01\">VER M\u00c1S: Chucky Lozano desea salir del PSV despu\u00e9s de Rusia 2018<\/a><\/p>\n<p>Ante esta situaci\u00f3n, Chu<strong>c<\/strong>ky se perder\u00e1 los partidos ant<strong>e Feyenoord, Utrecht, Willem II<\/strong> y contra el <strong>Venlo.<\/strong> Posterior a estos juegos tendremos Fecha FIFA, <mark>por lo que reci\u00e9n volver\u00eda a la alineaci\u00f3n de <strong>PSV<\/strong> hasta el <strong>31 de marzo<\/strong><\/mark> cuando reciban al <strong>NAC.<\/strong><\/p>\n<p>El viernes nos encuentra con esta noticia, y aunque su instituci\u00f3n volvi\u00f3 a interceder y luchar por <strong>Lozano<\/strong> para reducir la suspensi\u00f3n, el fiscal no quiso reducir la sanci\u00f3n.<\/p>\n<p><img decoding=\"async\" loading=\"lazy\" class=\" wp-image-518678 aligncenter\" src=\"https:\/\/www.futboltotal.com.mx\/wp-content\/uploads\/2018\/02\/chucky2.jpg\" alt=\"Es oficial: Chucky Lozano suspendido por 4 juegos 0\" srcset=\"http:\/\/desarrollo.grupomedios.com\/futbol\/wp-content\/uploads\/2018\/02\/chucky2.jpg 800w, http:\/\/desarrollo.grupomedios.com\/futbol\/wp-content\/uploads\/2018\/02\/chucky2-300x225.jpg 300w, http:\/\/desarrollo.grupomedios.com\/futbol\/wp-content\/uploads\/2018\/02\/chucky2-768x576.jpg 768w\" sizes=\"(max-width: 673px) 100vw, 673px\" \/><\/p>\n","protected":false},"excerpt":{"rendered":"<p>La Federaci\u00f3n Holandesa confirm\u00f3 la sanci\u00f3n m\u00e1xima al delantero, y estar\u00e1 fuera del PSV por m\u00e1s de un mes. <\/p>\n","protected":false},"author":165,"featured_media":518677,"comment_status":"closed","ping_status":"closed","sticky":false,"template":"","format":"standard","meta":[],"categories":[9721,3839],"tags":[6944,4420,5196,6024,7436,2044,3224,11868,1402],"_links":{"self":[{"href":"http:\/\/desarrollo.grupomedios.com\/futbol\/wp-json\/wp\/v2\/posts\/518676"}],"collection":[{"href":"http:\/\/desarrollo.grupomedios.com\/futbol\/wp-json\/wp\/v2\/posts"}],"about":[{"href":"http:\/\/desarrollo.grupomedios.com\/futbol\/wp-json\/wp\/v2\/types\/post"}],"author":[{"embeddable":true,"href":"http:\/\/desarrollo.grupomedios.com\/futbol\/wp-json\/wp\/v2\/users\/165"}],"replies":[{"embeddable":true,"href":"http:\/\/desarrollo.grupomedios.com\/futbol\/wp-json\/wp\/v2\/comments?post=518676"}],"version-history":[{"count":3,"href":"http:\/\/desarrollo.grupomedios.com\/futbol\/wp-json\/wp\/v2\/posts\/518676\/revisions"}],"predecessor-version":[{"id":518682,"href":"http:\/\/desarrollo.grupomedios.com\/futbol\/wp-json\/wp\/v2\/posts\/518676\/revisions\/518682"}],"wp:featuredmedia":[{"embeddable":true,"href":"http:\/\/desarrollo.grupomedios.com\/futbol\/wp-json\/wp\/v2\/media\/518677"}],"wp:attachment":[{"href":"http:\/\/desarrollo.grupomedios.com\/futbol\/wp-json\/wp\/v2\/media?parent=518676"}],"wp:term":[{"taxonomy":"category","embeddable":true,"href":"http:\/\/desarrollo.grupomedios.com\/futbol\/wp-json\/wp\/v2\/categories?post=518676"},{"taxonomy":"post_tag","embeddable":true,"href":"http:\/\/desarrollo.grupomedios.com\/futbol\/wp-json\/wp\/v2\/tags?post=518676"}],"curies":[{"name":"wp","href":"https:\/\/api.w.org\/{rel}","templated":true}]}}