{"id":518700,"date":"2018-02-23T17:29:28","date_gmt":"2018-02-23T23:29:28","guid":{"rendered":"https:\/\/www.futboltotal.com.mx\/?p=518700"},"modified":"2018-02-23T17:29:28","modified_gmt":"2018-02-23T23:29:28","slug":"la-maxima-fan-mourinho-30-tatuajes-del-entrenador","status":"publish","type":"post","link":"http:\/\/desarrollo.grupomedios.com\/futbol\/futbol-internacional\/la-maxima-fan-mourinho-30-tatuajes-del-entrenador\/2018\/02","title":{"rendered":"La m\u00e1xima fan de Mourinho que tiene m\u00e1s de 30 tatuajes del entrenador"},"content":{"rendered":"<p>El mundo a veces nos presenta a personas bastante particulares, y el f\u00fatbol nos tiene acostumbrados a presentarnos a aficionados que sobrepasan lo que uno pueda considerar como el amor por un equipo. Adem\u00e1s, est\u00e1n los \u00eddolos, esos que traspasan fronteras y pueden dejar el equipo amado&#8230; pero siempre estar\u00e1n en el coraz\u00f3n de uno.<\/p>\n<p>Y sin dudas,<strong> Jos\u00e9 Mourinho<\/strong> est\u00e1 en el coraz\u00f3n de esta fan inglesa de 60 a\u00f1os llamada<strong> Vivien Bodycote<\/strong> que considera a <strong>Mou<\/strong> como un todopoderoso. <mark>Ya se gast\u00f3 m\u00e1s de 4.000 d\u00f3lares en m\u00e1s de 30 tatuajes del entrenador.<\/mark> Y esa pasi\u00f3n que siente por el estratega hizo que de ser una fan\u00e1tica del <strong>Chelsea,<\/strong> ahora apoye al <strong>Manchester United,<\/strong> actual equipo del DT.<\/p>\n<p style=\"text-align: center;\"><a href=\"https:\/\/www.futboltotal.com.mx\/futbol-internacional\/champions-league\/jose-mourinho-viejo-lobo-mar-en-la-champions-league\/2018\/02\">VER M\u00c1S: Jos\u00e9 Mourinho, un viejo \u201clobo de mar\u201d en la Champions League<\/a><\/p>\n<p><em>&#8220;\u200bSiempre fui hincha del Chelsea. Y el amor por Mourinho vino solo. Cuando fue despedido en 2015, no festej\u00e9 Navidad. No lo ve\u00eda venir&#8221;,<\/em> dijo en una entrevista con el peri\u00f3dico ingl\u00e9s Daily Mail. <mark>Su primer tatuaje fue a los 58 a\u00f1os, en el 2016, y en el \u00faltimo se lo hizo el pasado 14 de febrero.<\/mark> Claro, en el d\u00eda de los enamorados le declar\u00f3 su tremenda admiraci\u00f3n a <strong>Jos\u00e9<\/strong> con una nueva imagen de su persona:<em> &#8220;\u200b\u200bMi esposo no me critica. \u00c9l me lleva, me deja y me pasa a buscar. Es una buena persona y le encantan mis tatuajes. No puedo pensar en nadie a quien ame m\u00e1s que a Jos\u00e9 Mourinho&#8230; salvo por mi marido&#8221;,\u00a0<\/em>finaliz\u00f3.<\/p>\n<p style=\"text-align: center;\"><a href=\"https:\/\/www.futboltotal.com.mx\/futbol-internacional\/hijo-mourinho-maximo-aficionado-del-barcelona\/2018\/02\">VER M\u00c1S: El hijo de Mourinho, el m\u00e1ximo aficionado del Barcelona<\/a><\/p>\n<p>\u00bfLocura, obsesi\u00f3n, admiraci\u00f3n? <mark>Las im\u00e1genes hablan por s\u00ed solas.<\/mark><\/p>\n<p><img decoding=\"async\" loading=\"lazy\" class=\"wp-image-518702 aligncenter\" src=\"https:\/\/www.futboltotal.com.mx\/wp-content\/uploads\/2018\/02\/mou2-625x1024.jpg\" alt=\"La m\u00e1xima fan de Mourinho que tiene m\u00e1s de 30 tatuajes del entrenador 0\" srcset=\"http:\/\/desarrollo.grupomedios.com\/futbol\/wp-content\/uploads\/2018\/02\/mou2-625x1024.jpg 625w, http:\/\/desarrollo.grupomedios.com\/futbol\/wp-content\/uploads\/2018\/02\/mou2-183x300.jpg 183w, http:\/\/desarrollo.grupomedios.com\/futbol\/wp-content\/uploads\/2018\/02\/mou2.jpg 660w\" sizes=\"(max-width: 468px) 100vw, 468px\" \/><\/p>\n<p><img decoding=\"async\" loading=\"lazy\" class=\"wp-image-518703 aligncenter\" src=\"https:\/\/www.futboltotal.com.mx\/wp-content\/uploads\/2018\/02\/mou3.jpg\" alt=\"La m\u00e1xima fan de Mourinho que tiene m\u00e1s de 30 tatuajes del entrenador 1\" srcset=\"http:\/\/desarrollo.grupomedios.com\/futbol\/wp-content\/uploads\/2018\/02\/mou3.jpg 1000w, http:\/\/desarrollo.grupomedios.com\/futbol\/wp-content\/uploads\/2018\/02\/mou3-300x169.jpg 300w, http:\/\/desarrollo.grupomedios.com\/futbol\/wp-content\/uploads\/2018\/02\/mou3-768x432.jpg 768w, http:\/\/desarrollo.grupomedios.com\/futbol\/wp-content\/uploads\/2018\/02\/mou3-393x221.jpg 393w\" sizes=\"(max-width: 684px) 100vw, 684px\" \/><\/p>\n<p><img decoding=\"async\" loading=\"lazy\" class=\"wp-image-518704 aligncenter\" src=\"https:\/\/www.futboltotal.com.mx\/wp-content\/uploads\/2018\/02\/mou4-1024x576.jpg\" alt=\"La m\u00e1xima fan de Mourinho que tiene m\u00e1s de 30 tatuajes del entrenador 2\" srcset=\"http:\/\/desarrollo.grupomedios.com\/futbol\/wp-content\/uploads\/2018\/02\/mou4-1024x576.jpg 1024w, http:\/\/desarrollo.grupomedios.com\/futbol\/wp-content\/uploads\/2018\/02\/mou4-300x169.jpg 300w, http:\/\/desarrollo.grupomedios.com\/futbol\/wp-content\/uploads\/2018\/02\/mou4-768x432.jpg 768w, http:\/\/desarrollo.grupomedios.com\/futbol\/wp-content\/uploads\/2018\/02\/mou4-393x221.jpg 393w, http:\/\/desarrollo.grupomedios.com\/futbol\/wp-content\/uploads\/2018\/02\/mou4.jpg 1136w\" sizes=\"(max-width: 745px) 100vw, 745px\" \/><\/p>\n<p><img decoding=\"async\" loading=\"lazy\" class=\"wp-image-518705 aligncenter\" src=\"https:\/\/www.futboltotal.com.mx\/wp-content\/uploads\/2018\/02\/mou5.jpg\" alt=\"La m\u00e1xima fan de Mourinho que tiene m\u00e1s de 30 tatuajes del entrenador 3\" srcset=\"http:\/\/desarrollo.grupomedios.com\/futbol\/wp-content\/uploads\/2018\/02\/mou5.jpg 1000w, http:\/\/desarrollo.grupomedios.com\/futbol\/wp-content\/uploads\/2018\/02\/mou5-300x169.jpg 300w, http:\/\/desarrollo.grupomedios.com\/futbol\/wp-content\/uploads\/2018\/02\/mou5-768x432.jpg 768w, http:\/\/desarrollo.grupomedios.com\/futbol\/wp-content\/uploads\/2018\/02\/mou5-393x221.jpg 393w\" sizes=\"(max-width: 734px) 100vw, 734px\" \/><\/p>\n<p><img decoding=\"async\" loading=\"lazy\" class=\"wp-image-518706 aligncenter\" src=\"https:\/\/www.futboltotal.com.mx\/wp-content\/uploads\/2018\/02\/mou6.jpg\" alt=\"La m\u00e1xima fan de Mourinho que tiene m\u00e1s de 30 tatuajes del entrenador 4\" srcset=\"http:\/\/desarrollo.grupomedios.com\/futbol\/wp-content\/uploads\/2018\/02\/mou6.jpg 660w, http:\/\/desarrollo.grupomedios.com\/futbol\/wp-content\/uploads\/2018\/02\/mou6-226x300.jpg 226w\" sizes=\"(max-width: 511px) 100vw, 511px\" \/><\/p>\n","protected":false},"excerpt":{"rendered":"<p>Una locura: Ya se gast\u00f3 4.000 d\u00f3lares en tinta como homenaje al portugu\u00e9s. <\/p>\n","protected":false},"author":165,"featured_media":518701,"comment_status":"closed","ping_status":"closed","sticky":false,"template":"","format":"standard","meta":[],"categories":[3839,3846],"tags":[11870,11871,5981,10928,288,43,1484,10450,5819,11872],"_links":{"self":[{"href":"http:\/\/desarrollo.grupomedios.com\/futbol\/wp-json\/wp\/v2\/posts\/518700"}],"collection":[{"href":"http:\/\/desarrollo.grupomedios.com\/futbol\/wp-json\/wp\/v2\/posts"}],"about":[{"href":"http:\/\/desarrollo.grupomedios.com\/futbol\/wp-json\/wp\/v2\/types\/post"}],"author":[{"embeddable":true,"href":"http:\/\/desarrollo.grupomedios.com\/futbol\/wp-json\/wp\/v2\/users\/165"}],"replies":[{"embeddable":true,"href":"http:\/\/desarrollo.grupomedios.com\/futbol\/wp-json\/wp\/v2\/comments?post=518700"}],"version-history":[{"count":1,"href":"http:\/\/desarrollo.grupomedios.com\/futbol\/wp-json\/wp\/v2\/posts\/518700\/revisions"}],"predecessor-version":[{"id":518707,"href":"http:\/\/desarrollo.grupomedios.com\/futbol\/wp-json\/wp\/v2\/posts\/518700\/revisions\/518707"}],"wp:featuredmedia":[{"embeddable":true,"href":"http:\/\/desarrollo.grupomedios.com\/futbol\/wp-json\/wp\/v2\/media\/518701"}],"wp:attachment":[{"href":"http:\/\/desarrollo.grupomedios.com\/futbol\/wp-json\/wp\/v2\/media?parent=518700"}],"wp:term":[{"taxonomy":"category","embeddable":true,"href":"http:\/\/desarrollo.grupomedios.com\/futbol\/wp-json\/wp\/v2\/categories?post=518700"},{"taxonomy":"post_tag","embeddable":true,"href":"http:\/\/desarrollo.grupomedios.com\/futbol\/wp-json\/wp\/v2\/tags?post=518700"}],"curies":[{"name":"wp","href":"https:\/\/api.w.org\/{rel}","templated":true}]}}