{"id":518718,"date":"2018-02-23T12:45:11","date_gmt":"2018-02-23T18:45:11","guid":{"rendered":"https:\/\/www.futboltotal.com.mx\/?p=518718"},"modified":"2018-02-24T15:57:17","modified_gmt":"2018-02-24T21:57:17","slug":"barcelona-vs-girona-laliga-en-vivo-minuto-a-minuto","status":"publish","type":"post","link":"http:\/\/desarrollo.grupomedios.com\/futbol\/futbol-internacional\/barcelona-vs-girona-laliga-en-vivo-minuto-a-minuto\/2018\/02","title":{"rendered":"Barcelona vs Girona | LaLiga | EN VIVO: Minuto a minuto"},"content":{"rendered":"<p>Despu\u00e9s del sufrido empate conseguido en Stamford Brigde ante el Chelsea, el <strong>Bar\u00e7a<\/strong> regresa a la competici\u00f3n dom\u00e9stica donde necesita reencontrar sus buenas sensaciones, esta vez ante el <strong>Girona<\/strong>, seguramente el equipo revelaci\u00f3n del curso, que jugar\u00e1 por primera vez en el Camp Nou.<\/p>\n<iframe src=\"https:\/\/en-vivo.futboltotal.com.mx\/embed.php\/?id=603\" width=\"100%\" id=\"frame_minuto\"><\/iframe>\n<p>Los de <strong>Ernesto Valverde<\/strong> han perdido frescura en el \u00faltimo mes, que ha coincidido con un carrusel de partidos en Liga y Copa del Rey, adem\u00e1s del \u00faltimo de <strong>Champions en Londres<\/strong>.<\/p>\n<p>El Bar\u00e7a, despu\u00e9s de golear a la Real (2-4), en uno de sus desplazamientos hist\u00f3ricamente m\u00e1s complicados del Campeonato, ha encadenado <strong>diez partidos<\/strong> desde el 17 de enero, en los que ha conseguido <strong>seis victorias, tres empates y una derrota<\/strong> (Espanyol en Copa).<\/p>\n<p>Con <strong>16 goles a favor y cuatro en contra<\/strong>, los azulgrana se han asegurado el pase a la final del torneo del k.o., pero han mostrado dudas en su juego y han dejado escapar cuatro puntos (Espanyol y Getafe), lo que ha permitido al Atl\u00e9tico de Madrid descontarle cuatro puntos en la clasificaci\u00f3n.<\/p>\n<p>La idea de Valverde es que su equipo recupere sus buenas sensaciones que le llevaron a escaparse al frente de la Liga -lleg\u00f3 a tener once puntos de ventaja sobre el <strong>Atl\u00e9tico de Madrid<\/strong>&#8211; y a clasificarse para la final de Copa.<\/p>\n<p>Est\u00e1 pendiente el t\u00e9cnico del estado f\u00edsico de <strong>Gerard Piqu\u00e9<\/strong>, quien a pesar de jugar en el partido de la Champions, anda renqueante y ya se ha perdido alg\u00fan encuentro liguero.<\/p>\n<p>Todo apunta a que Valverde utilizar\u00e1 rotaciones y dar\u00e1 minutos a jugadores que no han tenido ocasi\u00f3n en los \u00faltimos partidos, bien por cuestiones de reglamento (Coutinho no puede jugar en Europa) o porque no ha contado con \u00e9l, como Demb\u00e9l\u00e9.<\/p>\n<p>El rival de ma\u00f1ana, el Girona, es un equipo con mucha calidad, la revelaci\u00f3n del curso y que ha puesto en serios problemas a equipos punteros.<\/p>\n<p>La de ma\u00f1ana ser\u00e1 la primera visita del Girona al Camp Nou, en un partido que los de Pablo Mach\u00edn afrontan con la moral por las nubes y con la satisfacci\u00f3n de estar haciendo muy bien las cosas en la temporada de su debut en la m\u00e1xima categor\u00eda del f\u00fatbol espa\u00f1ol.<\/p>\n","protected":false},"excerpt":{"rendered":"<p>Dembel\u00e9 regresar\u00eda a la titularidad en Camp Nou<\/p>\n","protected":false},"author":160,"featured_media":518719,"comment_status":"closed","ping_status":"closed","sticky":false,"template":"","format":"standard","meta":[],"categories":[3839,3844],"tags":[5984,110,6114],"_links":{"self":[{"href":"http:\/\/desarrollo.grupomedios.com\/futbol\/wp-json\/wp\/v2\/posts\/518718"}],"collection":[{"href":"http:\/\/desarrollo.grupomedios.com\/futbol\/wp-json\/wp\/v2\/posts"}],"about":[{"href":"http:\/\/desarrollo.grupomedios.com\/futbol\/wp-json\/wp\/v2\/types\/post"}],"author":[{"embeddable":true,"href":"http:\/\/desarrollo.grupomedios.com\/futbol\/wp-json\/wp\/v2\/users\/160"}],"replies":[{"embeddable":true,"href":"http:\/\/desarrollo.grupomedios.com\/futbol\/wp-json\/wp\/v2\/comments?post=518718"}],"version-history":[{"count":1,"href":"http:\/\/desarrollo.grupomedios.com\/futbol\/wp-json\/wp\/v2\/posts\/518718\/revisions"}],"predecessor-version":[{"id":518720,"href":"http:\/\/desarrollo.grupomedios.com\/futbol\/wp-json\/wp\/v2\/posts\/518718\/revisions\/518720"}],"wp:featuredmedia":[{"embeddable":true,"href":"http:\/\/desarrollo.grupomedios.com\/futbol\/wp-json\/wp\/v2\/media\/518719"}],"wp:attachment":[{"href":"http:\/\/desarrollo.grupomedios.com\/futbol\/wp-json\/wp\/v2\/media?parent=518718"}],"wp:term":[{"taxonomy":"category","embeddable":true,"href":"http:\/\/desarrollo.grupomedios.com\/futbol\/wp-json\/wp\/v2\/categories?post=518718"},{"taxonomy":"post_tag","embeddable":true,"href":"http:\/\/desarrollo.grupomedios.com\/futbol\/wp-json\/wp\/v2\/tags?post=518718"}],"curies":[{"name":"wp","href":"https:\/\/api.w.org\/{rel}","templated":true}]}}