{"id":518721,"date":"2018-02-23T15:55:48","date_gmt":"2018-02-23T21:55:48","guid":{"rendered":"https:\/\/www.futboltotal.com.mx\/?p=518721"},"modified":"2018-02-24T19:00:48","modified_gmt":"2018-02-25T01:00:48","slug":"queretaro-vs-toluca-clausura-2018-en-vivo-minuto-a-minuto","status":"publish","type":"post","link":"http:\/\/desarrollo.grupomedios.com\/futbol\/futbol-mexicano\/queretaro-vs-toluca-clausura-2018-en-vivo-minuto-a-minuto\/2018\/02","title":{"rendered":"Quer\u00e9taro vs Toluca | Clausura 2018 | EN VIVO: Minuto a minuto"},"content":{"rendered":"<p>Los <strong>Gallos Blancos de Quer\u00e9taro<\/strong> reciben la visita de los <strong>Diablos Rojos del Toluca<\/strong> en el duelo que comienza la jornada sabatina de la fecha 9 del Torneo Clausura 2018 de la Liga MX.<\/p>\n<iframe src=\"https:\/\/en-vivo.futboltotal.com.mx\/embed.php\/?id=604\" width=\"100%\" id=\"frame_minuto\"><\/iframe>\n<p>Los queretanos no han tenido buenos resultados en los \u00faltimos partidos en casa, y quieren redimirse con una victoria sobre los toluque\u00f1os.<\/p>\n<p>Los escarlatas han venido de menos a m\u00e1s y quieren ponerse en los primeros lugares de la tabla, lo cu\u00e1l lograr\u00edan con una victoria en La Corregidora.<\/p>\n<p><strong>\u00a1NO TE PIERDAS EL MINUTO A MINUTO DE QUER\u00c9TARO VS TOLUCA EN PUNTO DE LAS 17:00 HORAS!<\/strong><\/p>\n","protected":false},"excerpt":{"rendered":"<p>Los Diablos se meten a La Corregidora<\/p>\n","protected":false},"author":160,"featured_media":518722,"comment_status":"closed","ping_status":"closed","sticky":false,"template":"","format":"standard","meta":[],"categories":[2198,3845],"tags":[9028,3081,64,5970,5975],"_links":{"self":[{"href":"http:\/\/desarrollo.grupomedios.com\/futbol\/wp-json\/wp\/v2\/posts\/518721"}],"collection":[{"href":"http:\/\/desarrollo.grupomedios.com\/futbol\/wp-json\/wp\/v2\/posts"}],"about":[{"href":"http:\/\/desarrollo.grupomedios.com\/futbol\/wp-json\/wp\/v2\/types\/post"}],"author":[{"embeddable":true,"href":"http:\/\/desarrollo.grupomedios.com\/futbol\/wp-json\/wp\/v2\/users\/160"}],"replies":[{"embeddable":true,"href":"http:\/\/desarrollo.grupomedios.com\/futbol\/wp-json\/wp\/v2\/comments?post=518721"}],"version-history":[{"count":1,"href":"http:\/\/desarrollo.grupomedios.com\/futbol\/wp-json\/wp\/v2\/posts\/518721\/revisions"}],"predecessor-version":[{"id":518723,"href":"http:\/\/desarrollo.grupomedios.com\/futbol\/wp-json\/wp\/v2\/posts\/518721\/revisions\/518723"}],"wp:featuredmedia":[{"embeddable":true,"href":"http:\/\/desarrollo.grupomedios.com\/futbol\/wp-json\/wp\/v2\/media\/518722"}],"wp:attachment":[{"href":"http:\/\/desarrollo.grupomedios.com\/futbol\/wp-json\/wp\/v2\/media?parent=518721"}],"wp:term":[{"taxonomy":"category","embeddable":true,"href":"http:\/\/desarrollo.grupomedios.com\/futbol\/wp-json\/wp\/v2\/categories?post=518721"},{"taxonomy":"post_tag","embeddable":true,"href":"http:\/\/desarrollo.grupomedios.com\/futbol\/wp-json\/wp\/v2\/tags?post=518721"}],"curies":[{"name":"wp","href":"https:\/\/api.w.org\/{rel}","templated":true}]}}