{"id":518730,"date":"2018-02-23T23:11:25","date_gmt":"2018-02-24T05:11:25","guid":{"rendered":"https:\/\/www.futboltotal.com.mx\/?p=518730"},"modified":"2018-02-23T23:11:25","modified_gmt":"2018-02-24T05:11:25","slug":"puebla-1-necaxa-1-clausura-2018-resumen","status":"publish","type":"post","link":"http:\/\/desarrollo.grupomedios.com\/futbol\/destacado-home\/puebla-1-necaxa-1-clausura-2018-resumen\/2018\/02","title":{"rendered":"Puebla deja ir la quinta victoria en casa en el Clausura 2018"},"content":{"rendered":"<p>Un golazo de \u00faltimo minuto de <strong>Mart\u00edn Barrag\u00e1n<\/strong> sepult\u00f3 las aspiraciones de la Franja de llevarse su quinto triunfo seguido en el <strong>estadio Cuauht\u00e9moc<\/strong>.<\/p>\n<p><strong>Puebla y Necaxa<\/strong> se enfrentaron en un duelo muy parejo, donde hubo opciones claras de gol, pero tuvieron que pasar casi 80 minutos para que las redes se movieran.<\/p>\n<p>Al minuto 79, <strong>Jos\u00e9 Daniel Guerrero<\/strong> tom\u00f3 el esf\u00e9rico afuera del \u00e1rea y sac\u00f3 disparo que desvi\u00f3 Mario de Luna para cambiarle la trayectoria y evitar que <strong>Marcelo Barovero<\/strong> pudiera hacer algo.<\/p>\n<blockquote class=\"twitter-tweet\" data-partner=\"tweetdeck\">\n<p dir=\"ltr\" lang=\"fr\"><a href=\"https:\/\/twitter.com\/hashtag\/NoTeLoPierdas?src=hash&amp;ref_src=twsrc%5Etfw\">#NoTeLoPierdas<\/a><br \/>\nG\u26bd\u26bd\u26bdL de Jos\u00e9 Daniel Guerrero<a href=\"https:\/\/twitter.com\/ClubPueblaMX?ref_src=twsrc%5Etfw\">@ClubPueblaMX<\/a> 1-0 <a href=\"https:\/\/twitter.com\/ClubNecaxa?ref_src=twsrc%5Etfw\">@ClubNecaxa<\/a>\u00a0<a href=\"https:\/\/twitter.com\/hashtag\/Jornada9?src=hash&amp;ref_src=twsrc%5Etfw\">#Jornada9<\/a> <a href=\"https:\/\/twitter.com\/hashtag\/Clausura2018?src=hash&amp;ref_src=twsrc%5Etfw\">#Clausura2018<\/a> <a href=\"https:\/\/twitter.com\/hashtag\/LIGABancomerMX?src=hash&amp;ref_src=twsrc%5Etfw\">#LIGABancomerMX<\/a><br \/>\n\u26bd <a href=\"https:\/\/twitter.com\/hashtag\/SienteTuLiga?src=hash&amp;ref_src=twsrc%5Etfw\">#SienteTuLiga<\/a> \u26bd <a href=\"https:\/\/twitter.com\/hashtag\/CreandoOportunidades?src=hash&amp;ref_src=twsrc%5Etfw\">#CreandoOportunidades<\/a> <a href=\"https:\/\/twitter.com\/hashtag\/PorLaEducaci%C3%B3n?src=hash&amp;ref_src=twsrc%5Etfw\">#PorLaEducaci\u00f3n<\/a> <a href=\"https:\/\/twitter.com\/hashtag\/AbrazadosPorElFutbol?src=hash&amp;ref_src=twsrc%5Etfw\">#AbrazadosPorElFutbol<\/a>\u00a0<a href=\"https:\/\/t.co\/obmdO0Z3dq\">https:\/\/t.co\/obmdO0Z3dq<\/a><\/p>\n<p>\u2014 LIGA Bancomer MX (@LIGABancomerMX) <a href=\"https:\/\/twitter.com\/LIGABancomerMX\/status\/967257969976008704?ref_src=twsrc%5Etfw\">February 24, 2018<\/a><\/p><\/blockquote>\n<p><script async src=\"https:\/\/platform.twitter.com\/widgets.js\" charset=\"utf-8\"><\/script><\/p>\n<p>El &#8216;Chepe&#8217; puso adelante a los poblanos, y a diez minutos del final parec\u00eda que el <strong>quinto triunfo de los locales<\/strong> llegar\u00eda para el Clausura 2018.<\/p>\n<p>Sin embargo, Barrag\u00e1n que ingres\u00f3 de la banca no ten\u00eda la misma idea. Era el minuto 92 y tomo el esf\u00e9rico de espalda, gir\u00f3 sobre su eje y sac\u00f3 un zurdazo totalmente imparable para <strong>Mois\u00e9s Mu\u00f1oz<\/strong> y rescat\u00f3 la igualdad para los Rayos del Necaxa.<\/p>\n<blockquote class=\"twitter-tweet\" data-partner=\"tweetdeck\">\n<p dir=\"ltr\" lang=\"es\"><a href=\"https:\/\/twitter.com\/hashtag\/NoTeLoPierdas?src=hash&amp;ref_src=twsrc%5Etfw\">#NoTeLoPierdas<\/a><br \/>\nG\u26bd\u26bd\u26bdLAAAAAAAAAAAAAAAAAZZZZZOOOOO de Mart\u00edn Barrag\u00e1n<a href=\"https:\/\/twitter.com\/ClubPueblaMX?ref_src=twsrc%5Etfw\">@ClubPueblaMX<\/a> 1-1 <a href=\"https:\/\/twitter.com\/ClubNecaxa?ref_src=twsrc%5Etfw\">@ClubNecaxa<\/a>\u00a0<a href=\"https:\/\/twitter.com\/hashtag\/Jornada9?src=hash&amp;ref_src=twsrc%5Etfw\">#Jornada9<\/a> <a href=\"https:\/\/twitter.com\/hashtag\/Clausura2018?src=hash&amp;ref_src=twsrc%5Etfw\">#Clausura2018<\/a> <a href=\"https:\/\/twitter.com\/hashtag\/LIGABancomerMX?src=hash&amp;ref_src=twsrc%5Etfw\">#LIGABancomerMX<\/a><br \/>\n\u26bd <a href=\"https:\/\/twitter.com\/hashtag\/SienteTuLiga?src=hash&amp;ref_src=twsrc%5Etfw\">#SienteTuLiga<\/a> \u26bd <a href=\"https:\/\/twitter.com\/hashtag\/CreandoOportunidades?src=hash&amp;ref_src=twsrc%5Etfw\">#CreandoOportunidades<\/a> <a href=\"https:\/\/twitter.com\/hashtag\/PorLaEducaci%C3%B3n?src=hash&amp;ref_src=twsrc%5Etfw\">#PorLaEducaci\u00f3n<\/a> <a href=\"https:\/\/twitter.com\/hashtag\/AbrazadosPorElFutbol?src=hash&amp;ref_src=twsrc%5Etfw\">#AbrazadosPorElFutbol<\/a>\u00a0<a href=\"https:\/\/t.co\/ShzN6Vz4uD\">https:\/\/t.co\/ShzN6Vz4uD<\/a><\/p>\n<p>\u2014 LIGA Bancomer MX (@LIGABancomerMX) <a href=\"https:\/\/twitter.com\/LIGABancomerMX\/status\/967260781481021441?ref_src=twsrc%5Etfw\">February 24, 2018<\/a><\/p><\/blockquote>\n<p><script async src=\"https:\/\/platform.twitter.com\/widgets.js\" charset=\"utf-8\"><\/script><\/p>\n","protected":false},"excerpt":{"rendered":"<p>Mart\u00edn Barrag\u00e1n se convirti\u00f3 en el h\u00e9roe de los necaxistas<\/p>\n","protected":false},"author":160,"featured_media":518731,"comment_status":"closed","ping_status":"closed","sticky":false,"template":"","format":"standard","meta":[],"categories":[5,2198,3845],"tags":[9028,3081,261,5969],"_links":{"self":[{"href":"http:\/\/desarrollo.grupomedios.com\/futbol\/wp-json\/wp\/v2\/posts\/518730"}],"collection":[{"href":"http:\/\/desarrollo.grupomedios.com\/futbol\/wp-json\/wp\/v2\/posts"}],"about":[{"href":"http:\/\/desarrollo.grupomedios.com\/futbol\/wp-json\/wp\/v2\/types\/post"}],"author":[{"embeddable":true,"href":"http:\/\/desarrollo.grupomedios.com\/futbol\/wp-json\/wp\/v2\/users\/160"}],"replies":[{"embeddable":true,"href":"http:\/\/desarrollo.grupomedios.com\/futbol\/wp-json\/wp\/v2\/comments?post=518730"}],"version-history":[{"count":1,"href":"http:\/\/desarrollo.grupomedios.com\/futbol\/wp-json\/wp\/v2\/posts\/518730\/revisions"}],"predecessor-version":[{"id":518732,"href":"http:\/\/desarrollo.grupomedios.com\/futbol\/wp-json\/wp\/v2\/posts\/518730\/revisions\/518732"}],"wp:featuredmedia":[{"embeddable":true,"href":"http:\/\/desarrollo.grupomedios.com\/futbol\/wp-json\/wp\/v2\/media\/518731"}],"wp:attachment":[{"href":"http:\/\/desarrollo.grupomedios.com\/futbol\/wp-json\/wp\/v2\/media?parent=518730"}],"wp:term":[{"taxonomy":"category","embeddable":true,"href":"http:\/\/desarrollo.grupomedios.com\/futbol\/wp-json\/wp\/v2\/categories?post=518730"},{"taxonomy":"post_tag","embeddable":true,"href":"http:\/\/desarrollo.grupomedios.com\/futbol\/wp-json\/wp\/v2\/tags?post=518730"}],"curies":[{"name":"wp","href":"https:\/\/api.w.org\/{rel}","templated":true}]}}