{"id":518733,"date":"2018-02-24T08:43:07","date_gmt":"2018-02-24T14:43:07","guid":{"rendered":"https:\/\/www.futboltotal.com.mx\/?p=518733"},"modified":"2018-02-24T08:43:07","modified_gmt":"2018-02-24T14:43:07","slug":"psg-ya-esta-en-busca-gianluigi-donnarumma","status":"publish","type":"post","link":"http:\/\/desarrollo.grupomedios.com\/futbol\/futbol-internacional\/psg-ya-esta-en-busca-gianluigi-donnarumma\/2018\/02","title":{"rendered":"PSG ya est\u00e1 en busca de Gianluigi Donnarumma"},"content":{"rendered":"<p>El<strong> Paris Saint-Germain<\/strong> est\u00e1 preparando una buena cantidad de dinero para invertir ante la irregularidad que han mostrados sus dos guardametas,\u00a0<strong>Areola<\/strong> y<strong> Trapp<\/strong>, ya tienen en la mira a su objetivo que servir\u00eda para plantar en su arco a una s\u00faper estrella, se trata de la joven joya del <strong>AC Milan,\u00a0Gianluigi Donnarumma<\/strong>, quien ser\u00eda su refuerzo para el mercado de verano.<\/p>\n<div id=\"gtp_diarioas_19753-INTEXT\" data-google-query-id=\"CPid9NbhvtkCFRHHwAodEjgLuQ\"><\/div>\n<p>El cuadro franc\u00e9s pretend\u00eda a Oblak del Atl\u00e9tico de Madrid, sin embargo, su cl\u00e1usula de 100 millones de euros los alej\u00f3 del inter\u00e9s por lo que Donnarumma ha entrado como la primera opci\u00f3n para llegar al equipo parisino y<strong> Alisson<\/strong> del <strong>AS Roma<\/strong> es quien completa la terna, de acuerdo a\u00a0Quotidiano Sportive.<\/p>\n<p style=\"text-align: center;\"><a href=\"https:\/\/www.futboltotal.com.mx\/futbol-internacional\/nike-presenta-sus-deslumbrantes-mercurial\/2018\/02\">VER M\u00c1S: Nike presenta sus deslumbrantes Mercurial<\/a><\/p>\n<p>De acuerdo a esta misma fuente,\u00a0<b>\u00a0Antero Henrique<\/b>, director deportivo del PSG ya se habr\u00eda puesto en contacto con el agente del guardameta,\u00a0<b>Mino Raiola\u00a0<\/b>para comenzar las pl\u00e1ticas alrededor de joven portero y saber el estatus de un posible fichaje.<\/p>\n<p>Esta filtraci\u00f3n afecta al cuadro del <strong>Real Madrid,<\/strong> pues en marzo pasado estuvo muy cerca de fichar al guardameta y a pesar que su principal objetivo es <strong>David De Gea,<\/strong> el italiano tambi\u00e9n es una de sus opciones en la baraja para sustituir a Keylor Navas.<\/p>\n<p style=\"text-align: center;\"><a href=\"https:\/\/www.futboltotal.com.mx\/futbol-mexicano\/liga-mx\/5-petardos-que-han-jugado-para-pumas-y-chivas\/2018\/02\">VER M\u00c1S: 5 petardos que han jugado para Pumas y Chivas<\/a><\/p>\n<section class=\"sumario-ficha\">\n<div class=\"cont-ficha ficha-equipo\"><\/div>\n<\/section>\n","protected":false},"excerpt":{"rendered":"<p>El guardameta italiano estar\u00eda muy cerca de convertirse en otra estrella de los parisinos<\/p>\n","protected":false},"author":159,"featured_media":442705,"comment_status":"closed","ping_status":"closed","sticky":false,"template":"","format":"standard","meta":[],"categories":[3839,7521],"tags":[1630,6832,11874],"_links":{"self":[{"href":"http:\/\/desarrollo.grupomedios.com\/futbol\/wp-json\/wp\/v2\/posts\/518733"}],"collection":[{"href":"http:\/\/desarrollo.grupomedios.com\/futbol\/wp-json\/wp\/v2\/posts"}],"about":[{"href":"http:\/\/desarrollo.grupomedios.com\/futbol\/wp-json\/wp\/v2\/types\/post"}],"author":[{"embeddable":true,"href":"http:\/\/desarrollo.grupomedios.com\/futbol\/wp-json\/wp\/v2\/users\/159"}],"replies":[{"embeddable":true,"href":"http:\/\/desarrollo.grupomedios.com\/futbol\/wp-json\/wp\/v2\/comments?post=518733"}],"version-history":[{"count":1,"href":"http:\/\/desarrollo.grupomedios.com\/futbol\/wp-json\/wp\/v2\/posts\/518733\/revisions"}],"predecessor-version":[{"id":518734,"href":"http:\/\/desarrollo.grupomedios.com\/futbol\/wp-json\/wp\/v2\/posts\/518733\/revisions\/518734"}],"wp:featuredmedia":[{"embeddable":true,"href":"http:\/\/desarrollo.grupomedios.com\/futbol\/wp-json\/wp\/v2\/media\/442705"}],"wp:attachment":[{"href":"http:\/\/desarrollo.grupomedios.com\/futbol\/wp-json\/wp\/v2\/media?parent=518733"}],"wp:term":[{"taxonomy":"category","embeddable":true,"href":"http:\/\/desarrollo.grupomedios.com\/futbol\/wp-json\/wp\/v2\/categories?post=518733"},{"taxonomy":"post_tag","embeddable":true,"href":"http:\/\/desarrollo.grupomedios.com\/futbol\/wp-json\/wp\/v2\/tags?post=518733"}],"curies":[{"name":"wp","href":"https:\/\/api.w.org\/{rel}","templated":true}]}}