{"id":518735,"date":"2018-02-24T09:04:26","date_gmt":"2018-02-24T15:04:26","guid":{"rendered":"https:\/\/www.futboltotal.com.mx\/?p=518735"},"modified":"2018-02-24T09:04:26","modified_gmt":"2018-02-24T15:04:26","slug":"oswaldo-sanchez-espinita-clavada-culpa-pumas","status":"publish","type":"post","link":"http:\/\/desarrollo.grupomedios.com\/futbol\/futbol-mexicano\/oswaldo-sanchez-espinita-clavada-culpa-pumas\/2018\/02","title":{"rendered":"Oswaldo S\u00e1nchez, con espinita clavada por culpa de Pumas"},"content":{"rendered":"<p>El ex guardameta de las<strong> Chivas de Guadalajara,\u00a0Oswaldo S\u00e1nchez<\/strong>, acept\u00f3 que el peor recuerdo de su carrera fue ante los <strong>Pumas de la UNAM<\/strong>, equipo con el que se qued\u00f3 con una espinita clavada luego de perder la final del Clausura 2004, as\u00ed lo estableci\u00f3 en una entrevista para ESPN.<\/p>\n<p>Durante dicha entrevista, se\u00f1al\u00f3 que fue uno de los tragos m\u00e1s amargos y complicados en su carrera futbol\u00edstica pues en aquella ocasi\u00f3n pudo haber levantado el primer t\u00edtulo de su carrera;<mark> &#8220;sin duda s\u00ed fue el momento m\u00e1s complicado, ven\u00edamos de hacer una muy buena temporada y era la primer final en muchos a\u00f1os y como se dio la derrota fue muy dolorosa porque fue en instancia de penaltis\u201d<\/mark>, expres\u00f3.<\/p>\n<p style=\"text-align: center;\"><a href=\"https:\/\/www.futboltotal.com.mx\/futbol-mexicano\/liga-mx\/5-petardos-que-han-jugado-para-pumas-y-chivas\/2018\/02\">VER M\u00c1S: 5 petardos que han jugado para Pumas y Chivas<\/a><\/p>\n<p>Incluso dijo que le cost\u00f3 mucho trabajo poder superar esa final, pues nunca hab\u00eda logrado conseguir un t\u00edtulo en su exitosa carrera y era algo que estaba deseando;<mark> &#8220;yo no hab\u00eda podido ser campe\u00f3n en mi carrera tan hermosa de tanto tiempo y fue un tema que a mi me peg\u00f3 much\u00edsimo, el regresar a La Minerva y ver a la gente llorar no pod\u00eda de la tristeza\u201d<\/mark>.<\/p>\n<p>Por \u00faltimo,\u00a0Oswaldo S\u00e1nchez expres\u00f3 que el duelo entre Pumas y Chivas de este 25 de febrero en Ciudad Universitaria ser\u00e1, adem\u00e1s de los tres puntos, un duelo por el orgullo.<\/p>\n<p><iframe loading=\"lazy\" src=\"https:\/\/www.youtube.com\/embed\/HQDiCKqQAH4\" frameborder=\"0\" allowfullscreen=\"allowfullscreen\"><\/iframe><\/p>\n<p style=\"text-align: center;\"><a href=\"https:\/\/www.futboltotal.com.mx\/futbol-internacional\/nike-presenta-sus-deslumbrantes-mercurial\/2018\/02\">VER M\u00c1S: Nike presenta sus deslumbrantes Mercurial<\/a><\/p>\n","protected":false},"excerpt":{"rendered":"<p>El ex guardameta se confes\u00f3 de aquella final que vivi\u00f3 ante los universitarios en 2004<\/p>\n","protected":false},"author":159,"featured_media":401937,"comment_status":"closed","ping_status":"closed","sticky":false,"template":"","format":"standard","meta":[],"categories":[2198,3845],"tags":[70,9028,5963,64,446,74,5976],"_links":{"self":[{"href":"http:\/\/desarrollo.grupomedios.com\/futbol\/wp-json\/wp\/v2\/posts\/518735"}],"collection":[{"href":"http:\/\/desarrollo.grupomedios.com\/futbol\/wp-json\/wp\/v2\/posts"}],"about":[{"href":"http:\/\/desarrollo.grupomedios.com\/futbol\/wp-json\/wp\/v2\/types\/post"}],"author":[{"embeddable":true,"href":"http:\/\/desarrollo.grupomedios.com\/futbol\/wp-json\/wp\/v2\/users\/159"}],"replies":[{"embeddable":true,"href":"http:\/\/desarrollo.grupomedios.com\/futbol\/wp-json\/wp\/v2\/comments?post=518735"}],"version-history":[{"count":1,"href":"http:\/\/desarrollo.grupomedios.com\/futbol\/wp-json\/wp\/v2\/posts\/518735\/revisions"}],"predecessor-version":[{"id":518736,"href":"http:\/\/desarrollo.grupomedios.com\/futbol\/wp-json\/wp\/v2\/posts\/518735\/revisions\/518736"}],"wp:featuredmedia":[{"embeddable":true,"href":"http:\/\/desarrollo.grupomedios.com\/futbol\/wp-json\/wp\/v2\/media\/401937"}],"wp:attachment":[{"href":"http:\/\/desarrollo.grupomedios.com\/futbol\/wp-json\/wp\/v2\/media?parent=518735"}],"wp:term":[{"taxonomy":"category","embeddable":true,"href":"http:\/\/desarrollo.grupomedios.com\/futbol\/wp-json\/wp\/v2\/categories?post=518735"},{"taxonomy":"post_tag","embeddable":true,"href":"http:\/\/desarrollo.grupomedios.com\/futbol\/wp-json\/wp\/v2\/tags?post=518735"}],"curies":[{"name":"wp","href":"https:\/\/api.w.org\/{rel}","templated":true}]}}