{"id":518739,"date":"2018-02-24T09:58:43","date_gmt":"2018-02-24T15:58:43","guid":{"rendered":"https:\/\/www.futboltotal.com.mx\/?p=518739"},"modified":"2018-02-24T09:59:46","modified_gmt":"2018-02-24T15:59:46","slug":"ailton-da-silva-se-encarga-de-calentar-pumas-vs-chivas","status":"publish","type":"post","link":"http:\/\/desarrollo.grupomedios.com\/futbol\/futbol-mexicano\/ailton-da-silva-se-encarga-de-calentar-pumas-vs-chivas\/2018\/02","title":{"rendered":"Ailton Da Silva se encarga de calentar el Pumas vs Chivas"},"content":{"rendered":"<p>El ex futbolista de los <strong>Pumas de la UNAM, Ailton Da Silva<\/strong> se ha encargado de comenzar a encender la le\u00f1a entre los Felinos y las<strong> Chivas de Guadalajara,<\/strong> luego de recordar el t\u00edtulo que los universitarios le arrebataron al Reba\u00f1o en el <strong>Clausura 2004.<\/strong><\/p>\n<p style=\"text-align: center;\"><a href=\"https:\/\/www.futboltotal.com.mx\/futbol-mexicano\/liga-mx\/oswaldo-sanchez-espinita-clavada-culpa-pumas\/2018\/02\">VER M\u00c1S: Oswaldo S\u00e1nchez, con espinita clavada por culpa de Pumas<\/a><\/p>\n<p><mark>&#8220;Pensar que todav\u00eda les duele me deja feliz jajajaja, vamos @pumasmxoficial, feliz 2004 para todos&#8221;<\/mark>, escribi\u00f3 al ex futbolista en su cuenta de Instagram en la que public\u00f3 una imagen con el famoso mensaje que le dedic\u00f3 en su momento a<strong> Jorge Vergara,<\/strong> due\u00f1o de Chivas.<\/p>\n<blockquote class=\"instagram-media\" style=\"background: #FFF; border: 0; border-radius: 3px; box-shadow: 0 0 1px 0 rgba(0,0,0,0.5),0 1px 10px 0 rgba(0,0,0,0.15); margin: 1px; max-width: 658px; padding: 0; width: calc(100% - 2px);\" data-instgrm-captioned=\"\" data-instgrm-permalink=\"https:\/\/www.instagram.com\/p\/Bfiq-fYhi6w\/\" data-instgrm-version=\"8\">\n<div style=\"padding: 8px;\">\n<div style=\"background: #F8F8F8; line-height: 0; margin-top: 40px; padding: 50.0% 0; text-align: center; width: 100%;\"><\/div>\n<p style=\"margin: 8px 0 0 0; padding: 0 4px;\"><a style=\"color: #000; font-family: Arial,sans-serif; font-size: 14px; font-style: normal; font-weight: normal; line-height: 17px; text-decoration: none; word-wrap: break-word;\" href=\"https:\/\/www.instagram.com\/p\/Bfiq-fYhi6w\/\" target=\"_blank\" rel=\"noopener\">Pensar que todavia les duele me deja feliz jajajajaj vamos @pumasmxoficial ,feliz 2004 para todos<\/a><\/p>\n<p style=\"color: #c9c8cd; font-family: Arial,sans-serif; font-size: 14px; line-height: 17px; margin-bottom: 0; margin-top: 8px; overflow: hidden; padding: 8px 0 7px; text-align: center; text-overflow: ellipsis; white-space: nowrap;\">Una publicaci\u00f3n compartida de <a style=\"color: #c9c8cd; font-family: Arial,sans-serif; font-size: 14px; font-style: normal; font-weight: normal; line-height: 17px;\" href=\"https:\/\/www.instagram.com\/ailtondasilva10\/\" target=\"_blank\" rel=\"noopener\"> Ailton Da Silva<\/a> (@ailtondasilva10) el <time style=\"font-family: Arial,sans-serif; font-size: 14px; line-height: 17px;\" datetime=\"2018-02-23T13:59:10+00:00\">Feb 23, 2018 at 5:59 PST<\/time><\/p>\n<\/div>\n<\/blockquote>\n<p><script async defer src=\"\/\/www.instagram.com\/embed.js\"><\/script><\/p>\n<p>Cabe recordar que Da Silva fue uno de los principales en crear pol\u00e9mica con el presidente del Reba\u00f1o, Vergara tras los desplegados que sacaban luego de alg\u00fan partido con los universitarios, pero la final jugada fue un parteaguas para la rivalidad de ambos clubes.<\/p>\n<p>La escuadra dirigida por <strong>David Pati\u00f1o<\/strong> recibir\u00e1 al equipo de<strong> Mat\u00edas Almeyda<\/strong> en la Jornada 9 correspondiente al <strong>Clausura 2018<\/strong> donde Pumas buscar\u00e1 retomar el paso tras dos jornadas consecutivas perdiendo, mientras que las Chivas necesitan comenzar a sumar para abandonar el fondo de la tabla general.<\/p>\n<p style=\"text-align: center;\"><a href=\"https:\/\/www.futboltotal.com.mx\/futbol-mexicano\/liga-mx\/5-petardos-que-han-jugado-para-pumas-y-chivas\/2018\/02\">VER M\u00c1S: 5 petardos que han jugado para Pumas y Chivas<\/a><\/p>\n<p>&nbsp;<\/p>\n","protected":false},"excerpt":{"rendered":"<p>El brasile\u00f1o lanz\u00f3 pol\u00e9mico mensaje a trav\u00e9s de redes sociales en favor de los universitarios<\/p>\n","protected":false},"author":159,"featured_media":469279,"comment_status":"closed","ping_status":"closed","sticky":false,"template":"","format":"standard","meta":[],"categories":[2198,3845],"tags":[3430,70,9028,64,74],"_links":{"self":[{"href":"http:\/\/desarrollo.grupomedios.com\/futbol\/wp-json\/wp\/v2\/posts\/518739"}],"collection":[{"href":"http:\/\/desarrollo.grupomedios.com\/futbol\/wp-json\/wp\/v2\/posts"}],"about":[{"href":"http:\/\/desarrollo.grupomedios.com\/futbol\/wp-json\/wp\/v2\/types\/post"}],"author":[{"embeddable":true,"href":"http:\/\/desarrollo.grupomedios.com\/futbol\/wp-json\/wp\/v2\/users\/159"}],"replies":[{"embeddable":true,"href":"http:\/\/desarrollo.grupomedios.com\/futbol\/wp-json\/wp\/v2\/comments?post=518739"}],"version-history":[{"count":2,"href":"http:\/\/desarrollo.grupomedios.com\/futbol\/wp-json\/wp\/v2\/posts\/518739\/revisions"}],"predecessor-version":[{"id":518741,"href":"http:\/\/desarrollo.grupomedios.com\/futbol\/wp-json\/wp\/v2\/posts\/518739\/revisions\/518741"}],"wp:featuredmedia":[{"embeddable":true,"href":"http:\/\/desarrollo.grupomedios.com\/futbol\/wp-json\/wp\/v2\/media\/469279"}],"wp:attachment":[{"href":"http:\/\/desarrollo.grupomedios.com\/futbol\/wp-json\/wp\/v2\/media?parent=518739"}],"wp:term":[{"taxonomy":"category","embeddable":true,"href":"http:\/\/desarrollo.grupomedios.com\/futbol\/wp-json\/wp\/v2\/categories?post=518739"},{"taxonomy":"post_tag","embeddable":true,"href":"http:\/\/desarrollo.grupomedios.com\/futbol\/wp-json\/wp\/v2\/tags?post=518739"}],"curies":[{"name":"wp","href":"https:\/\/api.w.org\/{rel}","templated":true}]}}