{"id":518742,"date":"2018-02-24T10:23:10","date_gmt":"2018-02-24T16:23:10","guid":{"rendered":"https:\/\/www.futboltotal.com.mx\/?p=518742"},"modified":"2018-02-24T10:23:10","modified_gmt":"2018-02-24T16:23:10","slug":"real-madrid-en-la-mira-a-jugador-la-lazio","status":"publish","type":"post","link":"http:\/\/desarrollo.grupomedios.com\/futbol\/futbol-internacional\/real-madrid-en-la-mira-a-jugador-la-lazio\/2018\/02","title":{"rendered":"Real Madrid tiene en la mira a jugador de la Lazio"},"content":{"rendered":"<p>El equipo del <strong>Real Madrid<\/strong> ya se encuentra pensando en el verano y en esta ocasi\u00f3n est\u00e1 trabajando a marchas forzadas para lograr renovar la plantilla que tienen, de acuerdo a medios espa\u00f1oles, los merengues tienen en su lista un total de<mark> entre 25 y 30 nombres que podr\u00edan ser fichados,<\/mark> pero uno de ellos se est\u00e1 ganando un lugar importante en los primeros puestos.<\/p>\n<p>Estas evaluaciones se realizan tanto en lo deportivo como lo personal y uno de los que tiene varios partidos llen\u00e1ndole el ojo a los visores merengues es\u00a0<strong>Sergej Milinkovic<\/strong>, mediocentro serbio que juega para la <strong>Lazio<\/strong> en la <strong>Serie A<\/strong> y a sus <strong>22 a\u00f1os<\/strong> se ha convertido en toda una sensaci\u00f3n en Italia.<\/p>\n<p style=\"text-align: center;\"><a href=\"https:\/\/www.futboltotal.com.mx\/liga-de-francia\/psg-ya-esta-en-busca-gianluigi-donnarumma\/2018\/02\">VER M\u00c1S: PSG ya est\u00e1 en busca de Gianluigi Donnarumma<\/a><\/p>\n<p><mark>El cuadro italiano ha decidido renovarle su contrato hasta 2021<\/mark>, sabiendo que los equipos grandes de Europa han fijado su mirada en \u00e9l; el mediocampista es de caracter\u00edsticas ofensivas y posee buen futbol adem\u00e1s que es muy vertical para un hombre que mide<strong> 1.92 cent\u00edmetros<\/strong> y de acuerdo a diario Marca, en Madrid lo ven como uno de los jugadores m\u00e1s interesantes.<\/p>\n<p>Una de las razones por las que este jugador lleva la delantera sobre otros es que tiene el prototipo que estar\u00e1 buscando el cuadro merengue en este mercado, alguien joven con mucho futuro y capaz de aportar al equipo con las estrellas que van de salida.<\/p>\n<p style=\"text-align: center;\"><a href=\"https:\/\/www.futboltotal.com.mx\/futbol-mexicano\/liga-mx\/5-petardos-que-han-jugado-para-pumas-y-chivas\/2018\/02\">VER M\u00c1S: 5 petardos que han jugado para Pumas y Chivas<\/a><\/p>\n","protected":false},"excerpt":{"rendered":"<p>El cuadro merengue tiene a este joven de 22 a\u00f1os como uno de sus apuntados para el verano<\/p>\n","protected":false},"author":159,"featured_media":518743,"comment_status":"closed","ping_status":"closed","sticky":false,"template":"","format":"standard","meta":[],"categories":[3839,3844],"tags":[253,292,6114,1068,5988,11875,5958],"_links":{"self":[{"href":"http:\/\/desarrollo.grupomedios.com\/futbol\/wp-json\/wp\/v2\/posts\/518742"}],"collection":[{"href":"http:\/\/desarrollo.grupomedios.com\/futbol\/wp-json\/wp\/v2\/posts"}],"about":[{"href":"http:\/\/desarrollo.grupomedios.com\/futbol\/wp-json\/wp\/v2\/types\/post"}],"author":[{"embeddable":true,"href":"http:\/\/desarrollo.grupomedios.com\/futbol\/wp-json\/wp\/v2\/users\/159"}],"replies":[{"embeddable":true,"href":"http:\/\/desarrollo.grupomedios.com\/futbol\/wp-json\/wp\/v2\/comments?post=518742"}],"version-history":[{"count":1,"href":"http:\/\/desarrollo.grupomedios.com\/futbol\/wp-json\/wp\/v2\/posts\/518742\/revisions"}],"predecessor-version":[{"id":518744,"href":"http:\/\/desarrollo.grupomedios.com\/futbol\/wp-json\/wp\/v2\/posts\/518742\/revisions\/518744"}],"wp:featuredmedia":[{"embeddable":true,"href":"http:\/\/desarrollo.grupomedios.com\/futbol\/wp-json\/wp\/v2\/media\/518743"}],"wp:attachment":[{"href":"http:\/\/desarrollo.grupomedios.com\/futbol\/wp-json\/wp\/v2\/media?parent=518742"}],"wp:term":[{"taxonomy":"category","embeddable":true,"href":"http:\/\/desarrollo.grupomedios.com\/futbol\/wp-json\/wp\/v2\/categories?post=518742"},{"taxonomy":"post_tag","embeddable":true,"href":"http:\/\/desarrollo.grupomedios.com\/futbol\/wp-json\/wp\/v2\/tags?post=518742"}],"curies":[{"name":"wp","href":"https:\/\/api.w.org\/{rel}","templated":true}]}}