{"id":518752,"date":"2018-02-24T12:09:45","date_gmt":"2018-02-24T18:09:45","guid":{"rendered":"https:\/\/www.futboltotal.com.mx\/?p=518752"},"modified":"2018-02-24T12:09:45","modified_gmt":"2018-02-24T18:09:45","slug":"real-madrid-4-deportivo-alaves-0-laliga-2018-resumen","status":"publish","type":"post","link":"http:\/\/desarrollo.grupomedios.com\/futbol\/destacado-home\/real-madrid-4-deportivo-alaves-0-laliga-2018-resumen\/2018\/02","title":{"rendered":"Con la BBC encendida, Real Madrid aplasta al Alav\u00e9s"},"content":{"rendered":"<p>El <strong>Real Madrid<\/strong> derrot\u00f3 al Alav\u00e9s en una demostraci\u00f3n de pegada de la<strong> BBC<\/strong> el d\u00eda de su reencuentro en el equipo titular de <strong>Zinedine Zidane,<\/strong> con doblete de <strong>Cristiano Ronaldo<\/strong>, un tanto de <strong>Gareth Bale<\/strong> jugando al fin en la izquierda y dos asistencias de<strong> Karim Benzema<\/strong> en un gran encuentro que cerr\u00f3 marcando de penalti.<\/p>\n<p>El partido se trab\u00f3 por continuos parones. Una mala ca\u00edda de Pedraza tras chocar con<strong> Carvajal<\/strong> le da\u00f1aba el brazo derecho, Hern\u00e1n recibi\u00f3 un golpe involuntario en su cabeza de <strong>Theo y Keylor Navas<\/strong> un pisot\u00f3n en su mano derecha en una r\u00e1pida salida que correg\u00eda un exceso de confianza de Nacho. Cualquier error estaba listo para aprovecharlo un Alav\u00e9s metido en el duelo.<\/p>\n<p>Benzema es capaz de lo peor y de lo mejor. Un futbolista impredecible. Fall\u00f3 la ocasi\u00f3n m\u00e1s clara del primer acto. Arm\u00f3 a la velocidad del rayo un contragolpe letal el Real Madrid, sacado en conducci\u00f3n por Kovacic, extendido por la carrera de Theo y en superioridad de tres contra uno, Karim chutaba desviado al escurrirse con su pie de apoyo. Desespera al Bernab\u00e9u.<\/p>\n<p>Corregir\u00eda su error m\u00e1s tarde con una asistencia &#8216;delicatessen&#8217; en el primer gol. Hasta ese momento Bale dejaba ganas e intentos buscando a <strong>Cristiano<\/strong> con sus pases y un bello remate de chilena a centro de <strong>Benzema<\/strong> que no encontraba puerta por mil\u00edmetros.<\/p>\n<p>La presi\u00f3n alta del Real Madrid castigaba cualquier error del Alav\u00e9s, pero los de Abelardo se pudieron adelantar en el partido si no es por el acierto de<strong> Keylor Navas<\/strong>. Respond\u00eda a un disparo de Guidetti y con una estirada con mano firme abajo al latigazo de Pedraza a los 37 minutos.<\/p>\n<p>El encuentro entraba en un momento decisivo, con intercambio de golpes y gol de un jugador en racha. Pacheco jugaba con fuego ante Bale perdiendo el bal\u00f3n en \u00e1rea chica y a un minuto del descanso nada pod\u00eda hacer ante el disparo seco de <strong>Cristiano<\/strong>.<strong> Benzema<\/strong> inventaba al borde del \u00e1rea. Asistencia de tac\u00f3n al portugu\u00e9s para que prolongue su escalada en la clasificaci\u00f3n de goleadores.<\/p>\n<blockquote class=\"twitter-tweet\" data-width=\"500\">\n<p lang=\"es\" dir=\"ltr\">Mi capit\u00e1n siempre cristiano ronaldo <a href=\"https:\/\/t.co\/eSJ1M2MgyB\">pic.twitter.com\/eSJ1M2MgyB<\/a><\/p>\n<p>&mdash; Dalila  \ud83d\ude42 (@Dalila2a) <a href=\"https:\/\/twitter.com\/Dalila2a\/status\/967436747142516736?ref_src=twsrc%5Etfw\">February 24, 2018<\/a><\/p><\/blockquote>\n<p><script async src=\"https:\/\/platform.twitter.com\/widgets.js\" charset=\"utf-8\"><\/script><\/p>\n<p style=\"text-align: center;\"><a href=\"https:\/\/www.futboltotal.com.mx\/futbol-mexicano\/liga-mx\/jugador-pachuca-desesperado-marcharse-a-la-mls\/2018\/02\">VER M\u00c1S: Jugador de Pachuca, desesperado por marcharse a la MLS<\/a><\/p>\n<p>El Alav\u00e9s lleg\u00f3 hasta ah\u00ed porque a la siguiente jugada los reflejos de Keylor sacaron un disparo a bocajarro de Alexis tras c\u00f3rner y nada m\u00e1s arrancar el segundo acto, Benzema ve\u00eda la elegante carrera de Bale que defin\u00eda con precisi\u00f3n, con el interior de su pie izquierdo, para sentenciar el duelo.<\/p>\n<blockquote class=\"twitter-tweet\" data-width=\"500\">\n<p lang=\"es\" dir=\"ltr\">Bale no marcaba desde la primera jornada de liga en Riazor, curiosamente, tambi\u00e9n asistido por Karim Benzema. <a href=\"https:\/\/twitter.com\/hashtag\/RealMadridAlav%C3%A9s?src=hash&amp;ref_src=twsrc%5Etfw\">#RealMadridAlav\u00e9s<\/a> <a href=\"https:\/\/t.co\/txEo9z6CFN\">pic.twitter.com\/txEo9z6CFN<\/a><\/p>\n<p>&mdash; leadergoal (@leadergoal) <a href=\"https:\/\/twitter.com\/leadergoal\/status\/967445185679511555?ref_src=twsrc%5Etfw\">February 24, 2018<\/a><\/p><\/blockquote>\n<p><script async src=\"https:\/\/platform.twitter.com\/widgets.js\" charset=\"utf-8\"><\/script><\/p>\n<p>Cualquier plan de reacci\u00f3n de<strong> Abelardo<\/strong> se derrumbaba y su posterior valent\u00eda era una osad\u00eda en el Bernab\u00e9u. Le acabar\u00eda costando la goleada. El tanto que le metiese en el partido no lleg\u00f3 en los intentos de<strong> Sobrino<\/strong> y con espacios el Real Madrid encontr\u00f3 una autopista hacia el disfrute.<\/p>\n<p>Benzema dejaba acciones de calidad y era castigado cuando marcaba por un error del colegiado que le anulaba un tanto en posici\u00f3n legal tras pase de <strong>Carvajal<\/strong>. Con velocidad es donde m\u00e1s c\u00f3modo se encuentra <strong>Lucas V\u00e1zquez<\/strong> que de nuevo dej\u00f3 una buena actuaci\u00f3n. No fue capaz de marcar, se top\u00f3 con el lateral de la red primero y con Pacheco, pero volvi\u00f3 a dejar un pase de gol.<strong> Cristiano<\/strong> firmaba su doblete libre de marca en una acci\u00f3n que nac\u00eda de nuevo en Kovacic que se adue\u00f1\u00f3 del centro del campo. Catorce tantos del portugu\u00e9s en Liga y 28 ya en una temporada en la que ha ido de menos a m\u00e1s.<\/p>\n<p>Ya estaba sobre el c\u00e9sped Dani Ceballos para jugar los minutos que le faltaron en Legan\u00e9s y Cristiano premiaba la actuaci\u00f3n de Benzema regal\u00e1ndole el penalti que cerraba una nueva goleada blanca.<\/p>\n<blockquote class=\"twitter-tweet\" data-width=\"500\">\n<p lang=\"es\" dir=\"ltr\">EL \u201cEGO\u00cdSTA\u201d DE CRISTIANO DEJA A BENZEMA TIRAR EL PENALTI Y GOOOOOOOOOOOOOOOOOOOOLLLLLLLLLLLL BENZEMAAAAAA!!! <a href=\"https:\/\/t.co\/xuBWGR3iCn\">pic.twitter.com\/xuBWGR3iCn<\/a><\/p>\n<p>&mdash; \u2654\u2661 Sweet Princess \u2661\u2654 (@princess_leonor) <a href=\"https:\/\/twitter.com\/princess_leonor\/status\/967445002682060805?ref_src=twsrc%5Etfw\">February 24, 2018<\/a><\/p><\/blockquote>\n<p><script async src=\"https:\/\/platform.twitter.com\/widgets.js\" charset=\"utf-8\"><\/script><\/p>\n<p style=\"text-align: center;\"><a href=\"https:\/\/www.futboltotal.com.mx\/futbol-internacional\/liga-de-espana\/real-madrid-en-la-mira-a-jugador-la-lazio\/2018\/02\">VER M\u00c1S: Real Madrid tiene en la mira a jugador de la Lazio<\/a><\/p>\n","protected":false},"excerpt":{"rendered":"<p>El cuadro merengue parece reencontrarse en el certamen dom\u00e9stico y cada vez lucen mejor<\/p>\n","protected":false},"author":159,"featured_media":518753,"comment_status":"closed","ping_status":"closed","sticky":false,"template":"","format":"standard","meta":[],"categories":[5,3839,3844],"tags":[6013,10031,253,6043,6042,6114,5988],"_links":{"self":[{"href":"http:\/\/desarrollo.grupomedios.com\/futbol\/wp-json\/wp\/v2\/posts\/518752"}],"collection":[{"href":"http:\/\/desarrollo.grupomedios.com\/futbol\/wp-json\/wp\/v2\/posts"}],"about":[{"href":"http:\/\/desarrollo.grupomedios.com\/futbol\/wp-json\/wp\/v2\/types\/post"}],"author":[{"embeddable":true,"href":"http:\/\/desarrollo.grupomedios.com\/futbol\/wp-json\/wp\/v2\/users\/159"}],"replies":[{"embeddable":true,"href":"http:\/\/desarrollo.grupomedios.com\/futbol\/wp-json\/wp\/v2\/comments?post=518752"}],"version-history":[{"count":1,"href":"http:\/\/desarrollo.grupomedios.com\/futbol\/wp-json\/wp\/v2\/posts\/518752\/revisions"}],"predecessor-version":[{"id":518754,"href":"http:\/\/desarrollo.grupomedios.com\/futbol\/wp-json\/wp\/v2\/posts\/518752\/revisions\/518754"}],"wp:featuredmedia":[{"embeddable":true,"href":"http:\/\/desarrollo.grupomedios.com\/futbol\/wp-json\/wp\/v2\/media\/518753"}],"wp:attachment":[{"href":"http:\/\/desarrollo.grupomedios.com\/futbol\/wp-json\/wp\/v2\/media?parent=518752"}],"wp:term":[{"taxonomy":"category","embeddable":true,"href":"http:\/\/desarrollo.grupomedios.com\/futbol\/wp-json\/wp\/v2\/categories?post=518752"},{"taxonomy":"post_tag","embeddable":true,"href":"http:\/\/desarrollo.grupomedios.com\/futbol\/wp-json\/wp\/v2\/tags?post=518752"}],"curies":[{"name":"wp","href":"https:\/\/api.w.org\/{rel}","templated":true}]}}