{"id":518760,"date":"2018-02-24T13:21:43","date_gmt":"2018-02-24T19:21:43","guid":{"rendered":"https:\/\/www.futboltotal.com.mx\/?p=518760"},"modified":"2018-02-24T13:21:43","modified_gmt":"2018-02-24T19:21:43","slug":"portero-se-va-a-tomar-agua-le-anotan-gol-en-alemania","status":"publish","type":"post","link":"http:\/\/desarrollo.grupomedios.com\/futbol\/videos\/portero-se-va-a-tomar-agua-le-anotan-gol-en-alemania\/2018\/02","title":{"rendered":"El portero se va a tomar agua y le anotan gol en Alemania"},"content":{"rendered":"<p>Un error ins\u00f3lito y tremendo se dio en la segunda divisi\u00f3n de Alemania, cuando el arquero holand\u00e9s,\u00a0<strong>Mark Flekken<\/strong> del<span class=\"_xdb\">\u00a0<\/span><span class=\"_Xbe kno-fv\"><strong>MSV Duisburgo<\/strong> realiz\u00f3 una acci\u00f3n que le dar\u00e1 la vuelta al mundo, pues literalmente se fue a tomar agua para dejar su porter\u00eda desprotegida y permitir un gol\u00a0<\/span><\/p>\n<p>En el duelo que disputaron ante el <strong>Ingolstadt,<\/strong> el guardameta de 24 a\u00f1os hab\u00eda atajado un penal, pero siete minutos despu\u00e9s de esa acci\u00f3n hizo el &#8216;oso&#8217; de su carrera cuando decidi\u00f3 ir a tomar un trago de agua y cuando volte\u00f3 ya le hab\u00edan anotado un gol. <strong>\u00a1Algo ins\u00f3lito!<\/strong><\/p>\n<p style=\"text-align: center;\"><a href=\"https:\/\/www.futboltotal.com.mx\/futbol-internacional\/liga-de-espana\/real-madrid-en-la-mira-a-jugador-la-lazio\/2018\/02\">VER M\u00c1S: Real Madrid tiene en la mira a jugador de la Lazio<\/a><\/p>\n<blockquote class=\"twitter-tweet\" data-width=\"500\">\n<p lang=\"no\" dir=\"ltr\">kanskje et baklengsm\u00e5l i ren sympati av Duisburg-keeper Mark Flekken for de vant likevel 2-1 mot Ingolstadt? <a href=\"https:\/\/t.co\/Rsdo7q8k9y\">pic.twitter.com\/Rsdo7q8k9y<\/a><\/p>\n<p>&mdash; Mats (@matsska) <a href=\"https:\/\/twitter.com\/matsska\/status\/967443710454718464?ref_src=twsrc%5Etfw\">February 24, 2018<\/a><\/p><\/blockquote>\n<p><script async src=\"https:\/\/platform.twitter.com\/widgets.js\" charset=\"utf-8\"><\/script><\/p>\n<p>Al terminar el encuentro, el arquero declar\u00f3 <mark>&#8220;Para los juegos siguientes no pongo mi botella de agua en la porter\u00eda&#8221;<\/mark>; por suerte para el su equipo termin\u00f3 ganando el encuentro por marcador de 2-1, un duelo vital para las Zebras pues el equipo marcha en la cuarta posici\u00f3n de la tabla, escalando una m\u00e1s podr\u00eda llegar al m\u00e1ximo circuito la siguiente campa\u00f1a.<\/p>\n<p>https:\/\/twitter.com\/MSVDuisburg\/status\/967411619864211457<\/p>\n<p style=\"text-align: center;\"><a href=\"https:\/\/www.futboltotal.com.mx\/futbol-mexicano\/liga-mx\/jugador-pachuca-desesperado-marcharse-a-la-mls\/2018\/02\">VER M\u00c1S: Jugador de Pachuca, desesperado por marcharse a la MLS<\/a><\/p>\n","protected":false},"excerpt":{"rendered":"<p>El guardameta jam\u00e1s se olvidar\u00e1 de este error a pesar que su equipo logr\u00f3 sacar la victoria<\/p>\n","protected":false},"author":159,"featured_media":518761,"comment_status":"closed","ping_status":"closed","sticky":false,"template":"","format":"standard","meta":[],"categories":[9808,3839,4],"tags":[119,11878,11877,11876],"_links":{"self":[{"href":"http:\/\/desarrollo.grupomedios.com\/futbol\/wp-json\/wp\/v2\/posts\/518760"}],"collection":[{"href":"http:\/\/desarrollo.grupomedios.com\/futbol\/wp-json\/wp\/v2\/posts"}],"about":[{"href":"http:\/\/desarrollo.grupomedios.com\/futbol\/wp-json\/wp\/v2\/types\/post"}],"author":[{"embeddable":true,"href":"http:\/\/desarrollo.grupomedios.com\/futbol\/wp-json\/wp\/v2\/users\/159"}],"replies":[{"embeddable":true,"href":"http:\/\/desarrollo.grupomedios.com\/futbol\/wp-json\/wp\/v2\/comments?post=518760"}],"version-history":[{"count":1,"href":"http:\/\/desarrollo.grupomedios.com\/futbol\/wp-json\/wp\/v2\/posts\/518760\/revisions"}],"predecessor-version":[{"id":518762,"href":"http:\/\/desarrollo.grupomedios.com\/futbol\/wp-json\/wp\/v2\/posts\/518760\/revisions\/518762"}],"wp:featuredmedia":[{"embeddable":true,"href":"http:\/\/desarrollo.grupomedios.com\/futbol\/wp-json\/wp\/v2\/media\/518761"}],"wp:attachment":[{"href":"http:\/\/desarrollo.grupomedios.com\/futbol\/wp-json\/wp\/v2\/media?parent=518760"}],"wp:term":[{"taxonomy":"category","embeddable":true,"href":"http:\/\/desarrollo.grupomedios.com\/futbol\/wp-json\/wp\/v2\/categories?post=518760"},{"taxonomy":"post_tag","embeddable":true,"href":"http:\/\/desarrollo.grupomedios.com\/futbol\/wp-json\/wp\/v2\/tags?post=518760"}],"curies":[{"name":"wp","href":"https:\/\/api.w.org\/{rel}","templated":true}]}}