{"id":518763,"date":"2018-02-24T15:11:43","date_gmt":"2018-02-24T21:11:43","guid":{"rendered":"https:\/\/www.futboltotal.com.mx\/?p=518763"},"modified":"2018-02-24T15:11:43","modified_gmt":"2018-02-24T21:11:43","slug":"samir-nasri-sancionado-ano-sin-jugar-en-uefa","status":"publish","type":"post","link":"http:\/\/desarrollo.grupomedios.com\/futbol\/futbol-internacional\/samir-nasri-sancionado-ano-sin-jugar-en-uefa\/2018\/02","title":{"rendered":"Samir Nasri, sancionado con un a\u00f1o sin jugar en UEFA"},"content":{"rendered":"<p>El futbolista franc\u00e9s, Samir Nasri ser\u00e1 sancionado un a\u00f1o por parte de la UEFA por un tratamiento indebido, de acuerdo a una publicaci\u00f3n realizada por el diario Marca y que indican se har\u00e1 oficial este lunes por parte del\u00a0Comit\u00e9 de Disciplina de la UEFA.<\/p>\n<p>En un principio el futbolista galo hab\u00eda sido condenado por el organismo europeo a estar dos a\u00f1os sin actividad en la cancha luego de ser implicado en un caso de doping, sin embargo el abogado del caso\u00a0Juan de Dios Cresp logr\u00f3 ante el TAS que la sanci\u00f3n fuera reducida, algo que ser\u00eda vital para el ex Arsenal y ex Manchester City.<\/p>\n<p style=\"text-align: center;\"><a href=\"https:\/\/www.futboltotal.com.mx\/futbol-mexicano\/liga-mx\/jugador-pachuca-desesperado-marcharse-a-la-mls\/2018\/02\">VER M\u00c1S: Jugador de Pachuca, desesperado por marcharse a la MLS<\/a><\/p>\n<p>El franc\u00e9s fue sancionado luego de someterse a diversos tratamientos durante diciembre del 2016 y que fueran delatados por su ex pareja quien subi\u00f3 una fotograf\u00eda donde se le ve\u00eda con\u00a0una doctora de la cl\u00ednica Drip Doctors:\u00a0&#8220;Hemos aplicado a Nasri Immunity IV Drip (suero intravenoso) para mantenerlo hidratado durante la exigente temporada con el Sevilla&#8221;, estableci\u00f3 en el mensaje.<\/p>\n<p>El futbolista que alcanz\u00f3 a jugar una temporada con el\u00a0Antalyaspor de Turqu\u00eda y era pretendido por Las Palmas para reforzarse en Espa\u00f1a no tendr\u00e1 la posibilidad de fichar por este equipo ni ning\u00fan otro de Europa.<\/p>\n<div class=\"SandboxRoot env-bp-350\" style=\"text-align: center;\" data-twitter-event-id=\"3\">\u00a0<a href=\"https:\/\/www.futboltotal.com.mx\/futbol-internacional\/liga-de-espana\/real-madrid-en-la-mira-a-jugador-la-lazio\/2018\/02\">VER M\u00c1S: Real Madrid tiene en la mira a jugador de la Lazio<\/a><\/div>\n<div data-twitter-event-id=\"3\"><\/div>\n<div class=\"SandboxRoot env-bp-350\" data-twitter-event-id=\"1\"><\/div>\n","protected":false},"excerpt":{"rendered":"<p>El franc\u00e9s estar\u00e1 en la congeladora mucho tiempo y no podr\u00e1 competir <\/p>\n","protected":false},"author":159,"featured_media":518764,"comment_status":"closed","ping_status":"closed","sticky":false,"template":"","format":"standard","meta":[],"categories":[3839],"tags":[4465,5127,49,570,192],"_links":{"self":[{"href":"http:\/\/desarrollo.grupomedios.com\/futbol\/wp-json\/wp\/v2\/posts\/518763"}],"collection":[{"href":"http:\/\/desarrollo.grupomedios.com\/futbol\/wp-json\/wp\/v2\/posts"}],"about":[{"href":"http:\/\/desarrollo.grupomedios.com\/futbol\/wp-json\/wp\/v2\/types\/post"}],"author":[{"embeddable":true,"href":"http:\/\/desarrollo.grupomedios.com\/futbol\/wp-json\/wp\/v2\/users\/159"}],"replies":[{"embeddable":true,"href":"http:\/\/desarrollo.grupomedios.com\/futbol\/wp-json\/wp\/v2\/comments?post=518763"}],"version-history":[{"count":1,"href":"http:\/\/desarrollo.grupomedios.com\/futbol\/wp-json\/wp\/v2\/posts\/518763\/revisions"}],"predecessor-version":[{"id":518765,"href":"http:\/\/desarrollo.grupomedios.com\/futbol\/wp-json\/wp\/v2\/posts\/518763\/revisions\/518765"}],"wp:featuredmedia":[{"embeddable":true,"href":"http:\/\/desarrollo.grupomedios.com\/futbol\/wp-json\/wp\/v2\/media\/518764"}],"wp:attachment":[{"href":"http:\/\/desarrollo.grupomedios.com\/futbol\/wp-json\/wp\/v2\/media?parent=518763"}],"wp:term":[{"taxonomy":"category","embeddable":true,"href":"http:\/\/desarrollo.grupomedios.com\/futbol\/wp-json\/wp\/v2\/categories?post=518763"},{"taxonomy":"post_tag","embeddable":true,"href":"http:\/\/desarrollo.grupomedios.com\/futbol\/wp-json\/wp\/v2\/tags?post=518763"}],"curies":[{"name":"wp","href":"https:\/\/api.w.org\/{rel}","templated":true}]}}