{"id":518778,"date":"2018-02-24T17:01:42","date_gmt":"2018-02-24T23:01:42","guid":{"rendered":"https:\/\/www.futboltotal.com.mx\/?p=518778"},"modified":"2018-02-24T17:01:42","modified_gmt":"2018-02-24T23:01:42","slug":"raul-jimenez-talisman-del-benfica-en-remontada","status":"publish","type":"post","link":"http:\/\/desarrollo.grupomedios.com\/futbol\/futbol-internacional\/raul-jimenez-talisman-del-benfica-en-remontada\/2018\/02","title":{"rendered":"Ra\u00fal Jim\u00e9nez es el &#8216;talism\u00e1n&#8217; del Benfica en remontada"},"content":{"rendered":"<p>El conjunto del <strong>Benfica<\/strong> venci\u00f3 a domicilio al <strong>Pa\u00e7os de Ferreira<\/strong> por 1-3 tras remontar el 1-0 con el que finaliz\u00f3 la primera mitad ante un rival que se lo puso muy dif\u00edcil.<\/p>\n<p>La primera parte fue para el Pa\u00e7os de Ferreira, con un Benfica que no supo armar su juego y apenas incomod\u00f3 la porter\u00eda de los castores del brasile\u00f1o <strong>Rafael Defendi<\/strong>.<\/p>\n<p>La sorpresa llegar\u00eda muy temprano, en el minuto 9, cuando el delantero centro brasile\u00f1o<strong> Luiz Phellype<\/strong> adelantaba al equipo local.<\/p>\n<p>As\u00ed se lleg\u00f3 al descanso, con un Pa\u00e7os de Ferreira -conjunto que lucha por eludir el descenso- bien armado y un Benfica que s\u00f3lo creaba peligro desde las botas de <strong>Jonas<\/strong>.<\/p>\n<p style=\"text-align: center;\"><span style=\"color: #333399;\"><a href=\"https:\/\/www.futboltotal.com.mx\/futbol-internacional\/samir-nasri-sancionado-ano-sin-jugar-en-uefa\/2018\/02\">VER M\u00c1S:\u00a0<span class=\"item-title\">Samir Nasri, sancionado con un a\u00f1o sin jugar en UEFA<\/span><\/a><\/span><\/p>\n<p>La entrada del mexicano <strong>Ra\u00fal Jim\u00e9nez<\/strong> fue como un talism\u00e1n para las \u00c1guilas que pudieron iniciar la remontada con el mexicano en cancha.<\/p>\n<p>Fue precisamente <strong>el &#8220;pichichi&#8221; de la Liga<\/strong>, el brasile\u00f1o Jonas -exjugador del Valencia-, quien anot\u00f3 el tanto del empate en el minuto 73.<\/p>\n<p>A falta de un minuto para el tiempo reglamentario, el m\u00e1ximo artillero de la Liga adelantaba los encarnados con un tanto que supone <strong>su gol n\u00famero 27<\/strong> en el campeonato luso.<\/p>\n<p style=\"text-align: center;\"><span style=\"color: #333399;\"><a href=\"https:\/\/www.futboltotal.com.mx\/futbol-internacional\/carlos-vela-presenta-la-camiseta-los-angeles-fc\/2018\/02\">VER M\u00c1S:\u00a0<span class=\"item-title\">Carlos Vela presenta la camiseta de Los Angeles FC<\/span><\/a><\/span><\/p>\n<p>El definitivo 1-3 lleg\u00f3 en los minutos de descuento de las botas de <strong>Rafa Silva<\/strong>.<\/p>\n<p>Una victoria importante para las \u00e1guilas, ya que se colocan <strong>segundos del campeonato con 59 puntos<\/strong>, a dos del l\u00edder, el Oporto, y tres por encima del Sporting.<\/p>\n<p>&nbsp;<\/p>\n","protected":false},"excerpt":{"rendered":"<p>Las \u00c1guilas perd\u00edan 0-1 y cuando entr\u00f3 el mexicano todo cambi\u00f3<\/p>\n","protected":false},"author":160,"featured_media":518779,"comment_status":"closed","ping_status":"closed","sticky":false,"template":"","format":"standard","meta":[],"categories":[3839,7709],"tags":[6060,742],"_links":{"self":[{"href":"http:\/\/desarrollo.grupomedios.com\/futbol\/wp-json\/wp\/v2\/posts\/518778"}],"collection":[{"href":"http:\/\/desarrollo.grupomedios.com\/futbol\/wp-json\/wp\/v2\/posts"}],"about":[{"href":"http:\/\/desarrollo.grupomedios.com\/futbol\/wp-json\/wp\/v2\/types\/post"}],"author":[{"embeddable":true,"href":"http:\/\/desarrollo.grupomedios.com\/futbol\/wp-json\/wp\/v2\/users\/160"}],"replies":[{"embeddable":true,"href":"http:\/\/desarrollo.grupomedios.com\/futbol\/wp-json\/wp\/v2\/comments?post=518778"}],"version-history":[{"count":1,"href":"http:\/\/desarrollo.grupomedios.com\/futbol\/wp-json\/wp\/v2\/posts\/518778\/revisions"}],"predecessor-version":[{"id":518780,"href":"http:\/\/desarrollo.grupomedios.com\/futbol\/wp-json\/wp\/v2\/posts\/518778\/revisions\/518780"}],"wp:featuredmedia":[{"embeddable":true,"href":"http:\/\/desarrollo.grupomedios.com\/futbol\/wp-json\/wp\/v2\/media\/518779"}],"wp:attachment":[{"href":"http:\/\/desarrollo.grupomedios.com\/futbol\/wp-json\/wp\/v2\/media?parent=518778"}],"wp:term":[{"taxonomy":"category","embeddable":true,"href":"http:\/\/desarrollo.grupomedios.com\/futbol\/wp-json\/wp\/v2\/categories?post=518778"},{"taxonomy":"post_tag","embeddable":true,"href":"http:\/\/desarrollo.grupomedios.com\/futbol\/wp-json\/wp\/v2\/tags?post=518778"}],"curies":[{"name":"wp","href":"https:\/\/api.w.org\/{rel}","templated":true}]}}