{"id":518814,"date":"2018-02-25T10:32:41","date_gmt":"2018-02-25T16:32:41","guid":{"rendered":"https:\/\/www.futboltotal.com.mx\/?p=518814"},"modified":"2018-02-25T10:32:41","modified_gmt":"2018-02-25T16:32:41","slug":"baile-andre-pierre-gignac-te-puedes-perder","status":"publish","type":"post","link":"http:\/\/desarrollo.grupomedios.com\/futbol\/videos\/baile-andre-pierre-gignac-te-puedes-perder\/2018\/02","title":{"rendered":"El baile de Andr\u00e9-Pierre Gignac que no te puedes perder"},"content":{"rendered":"<p>El delantero franc\u00e9s de los Tigres, <strong>Andr\u00e9-Pierre Gignac<\/strong> se ha contagiado con el paso de las temporadas en la Liga MX de la alegr\u00eda que se vive en el futbol en M\u00e9xico.<\/p>\n<p>Diversas celebraciones se le han visto al galo desde su llegada a <strong>Tigres<\/strong>, y siempre le ha gustado disfrutar los goles que realiza.<\/p>\n<p>Este s\u00e1bado, Gignac al puro estilo del &#8220;<strong>Scooby Doo, pap\u00e1<\/strong>&#8221; festej\u00f3 su gol anotado frente a Monarcas Morelia en el duelo de la Jornada 9 del Torneo Clausura 2018 de la Liga MX.<\/p>\n<p style=\"text-align: center;\"><span style=\"color: #333399;\"><a href=\"https:\/\/www.futboltotal.com.mx\/destacado-home\/tigres-2-monarcas-morelia-1-clausura-2018-resumen\/2018\/02\">VER M\u00c1S:\u00a0<span class=\"item-title\">Tigres sufre pero saca la victoria sobre Monarcas Morelia<\/span><\/a><\/span><\/p>\n<p><strong>\u00a1SI TE LO PERDISTE, REV\u00cdVELO AQU\u00cd!<\/strong><\/p>\n<blockquote class=\"twitter-tweet\" data-lang=\"es\">\n<p dir=\"ltr\" lang=\"fr\"><a href=\"https:\/\/twitter.com\/hashtag\/NoTeLoPierdas?src=hash&amp;ref_src=twsrc%5Etfw\">#NoTeLoPierdas<\/a><br \/>\nG\u26bd\u26bd\u26bdL de Andr\u00e9 Pierre Gignac<a href=\"https:\/\/twitter.com\/TigresOficial?ref_src=twsrc%5Etfw\">@TigresOficial<\/a> 1-0 <a href=\"https:\/\/twitter.com\/FuerzaMonarca?ref_src=twsrc%5Etfw\">@FuerzaMonarca<\/a>\u00a0<a href=\"https:\/\/twitter.com\/hashtag\/Jornada9?src=hash&amp;ref_src=twsrc%5Etfw\">#Jornada9<\/a> <a href=\"https:\/\/twitter.com\/hashtag\/Clausura2018?src=hash&amp;ref_src=twsrc%5Etfw\">#Clausura2018<\/a> <a href=\"https:\/\/twitter.com\/hashtag\/LIGABancomerMX?src=hash&amp;ref_src=twsrc%5Etfw\">#LIGABancomerMX<\/a><br \/>\n\u26bd <a href=\"https:\/\/twitter.com\/hashtag\/SienteTuLiga?src=hash&amp;ref_src=twsrc%5Etfw\">#SienteTuLiga<\/a> \u26bd <a href=\"https:\/\/twitter.com\/hashtag\/CreandoOportunidades?src=hash&amp;ref_src=twsrc%5Etfw\">#CreandoOportunidades<\/a> <a href=\"https:\/\/twitter.com\/hashtag\/PorLaEducaci%C3%B3n?src=hash&amp;ref_src=twsrc%5Etfw\">#PorLaEducaci\u00f3n<\/a> <a href=\"https:\/\/twitter.com\/hashtag\/AbrazadosPorElFutbol?src=hash&amp;ref_src=twsrc%5Etfw\">#AbrazadosPorElFutbol<\/a> <a href=\"https:\/\/t.co\/z0aCe6MakY\">pic.twitter.com\/z0aCe6MakY<\/a><\/p>\n<p>\u2014 LIGA Bancomer MX (@LIGABancomerMX) <a href=\"https:\/\/twitter.com\/LIGABancomerMX\/status\/967567253351944192?ref_src=twsrc%5Etfw\">25 de febrero de 2018<\/a><\/p><\/blockquote>\n<p><script async src=\"https:\/\/platform.twitter.com\/widgets.js\" charset=\"utf-8\"><\/script><\/p>\n","protected":false},"excerpt":{"rendered":"<p>El delantero franc\u00e9s bail\u00f3 al m\u00e1s puro estilo del &#8220;Scooby Doo, pap\u00e1&#8221;<\/p>\n","protected":false},"author":160,"featured_media":518815,"comment_status":"closed","ping_status":"closed","sticky":false,"template":"","format":"standard","meta":[],"categories":[5,2198,3845,4],"tags":[5564,5973],"_links":{"self":[{"href":"http:\/\/desarrollo.grupomedios.com\/futbol\/wp-json\/wp\/v2\/posts\/518814"}],"collection":[{"href":"http:\/\/desarrollo.grupomedios.com\/futbol\/wp-json\/wp\/v2\/posts"}],"about":[{"href":"http:\/\/desarrollo.grupomedios.com\/futbol\/wp-json\/wp\/v2\/types\/post"}],"author":[{"embeddable":true,"href":"http:\/\/desarrollo.grupomedios.com\/futbol\/wp-json\/wp\/v2\/users\/160"}],"replies":[{"embeddable":true,"href":"http:\/\/desarrollo.grupomedios.com\/futbol\/wp-json\/wp\/v2\/comments?post=518814"}],"version-history":[{"count":1,"href":"http:\/\/desarrollo.grupomedios.com\/futbol\/wp-json\/wp\/v2\/posts\/518814\/revisions"}],"predecessor-version":[{"id":518816,"href":"http:\/\/desarrollo.grupomedios.com\/futbol\/wp-json\/wp\/v2\/posts\/518814\/revisions\/518816"}],"wp:featuredmedia":[{"embeddable":true,"href":"http:\/\/desarrollo.grupomedios.com\/futbol\/wp-json\/wp\/v2\/media\/518815"}],"wp:attachment":[{"href":"http:\/\/desarrollo.grupomedios.com\/futbol\/wp-json\/wp\/v2\/media?parent=518814"}],"wp:term":[{"taxonomy":"category","embeddable":true,"href":"http:\/\/desarrollo.grupomedios.com\/futbol\/wp-json\/wp\/v2\/categories?post=518814"},{"taxonomy":"post_tag","embeddable":true,"href":"http:\/\/desarrollo.grupomedios.com\/futbol\/wp-json\/wp\/v2\/tags?post=518814"}],"curies":[{"name":"wp","href":"https:\/\/api.w.org\/{rel}","templated":true}]}}