{"id":518847,"date":"2018-02-25T16:00:35","date_gmt":"2018-02-25T22:00:35","guid":{"rendered":"https:\/\/www.futboltotal.com.mx\/?p=518847"},"modified":"2018-02-25T17:06:20","modified_gmt":"2018-02-25T23:06:20","slug":"miguel-layun-sevilla-aplastados-atletico-madrid","status":"publish","type":"post","link":"http:\/\/desarrollo.grupomedios.com\/futbol\/destacado-home\/miguel-layun-sevilla-aplastados-atletico-madrid\/2018\/02","title":{"rendered":"Miguel Lay\u00fan y el Sevilla, aplastados por el Atl\u00e9tico de Madrid"},"content":{"rendered":"<p>El <strong>Atl\u00e9tico de Madrid<\/strong> dio una exhibici\u00f3n en el <strong>estadio Ram\u00f3n S\u00e1nchez Pizju\u00e1n<\/strong> ante el <strong>Sevilla<\/strong> de <strong>Miguel Lay\u00fan<\/strong>, al que gole\u00f3 por un 2-5 que le ratifica en su lucha por el t\u00edtulo de liga, del que se pone ahora a siete puntos, la desventaja que tiene ante el l\u00edder <strong>FC Barcelona<\/strong>.<\/p>\n<blockquote class=\"twitter-tweet\" data-data-dnt=\"true\">\n<p lang=\"es\" dir=\"ltr\">FINAL <a href=\"https:\/\/twitter.com\/hashtag\/SevillaFCAtleti?src=hash&amp;ref_src=twsrc%5Etfw\">#SevillaFCAtleti<\/a> 2-5<\/p>\n<p>\u00a1Noche m\u00e1gica de <a href=\"https:\/\/twitter.com\/AntoGriezmann?ref_src=twsrc%5Etfw\">@AntoGriezmann<\/a> para seguir la estela del l\u00edder! \ud83d\udcab <a href=\"https:\/\/t.co\/iYCL538uCK\">pic.twitter.com\/iYCL538uCK<\/a><\/p>\n<p>&mdash; LALIGA (@LaLiga) <a href=\"https:\/\/twitter.com\/LaLiga\/status\/967875922283114497?ref_src=twsrc%5Etfw\">February 25, 2018<\/a><\/p><\/blockquote>\n<p><script async src=\"https:\/\/platform.twitter.com\/widgets.js\" charset=\"utf-8\"><\/script><\/p>\n<p>Un tanto de <strong>Diego Costa<\/strong> en el minuto 29 y otro del franc\u00e9s <strong>Antoine Griezmann<\/strong> poco antes del descanso pusieron una buena ventaja al Atl\u00e9tico de Madrid (0-2) en la primera parte del partido ante el Sevilla, que comenz\u00f3 bien pero se desorient\u00f3 despu\u00e9s.<\/p>\n<p>El equipo local pudo adelantarse en el marcador a los tres minutos pero el colombiano Luis Muriel no acert\u00f3 ante la intervenci\u00f3n del esloveno <strong>Jan Oblak<\/strong>, mientras que Costa y Griezmann no perdonaron.<\/p>\n<p>Ya en la segunda parte llegaron dos m\u00e1s de Griezmann, uno de penalti, y otro de <strong>Koke Resurrecci\u00f3n<\/strong> antes de que <strong>Pablo Sarabia<\/strong> y <strong>Manuel Agudo &#8216;Nolito<\/strong>&#8216; lograran los del honor sevillista.<\/p>\n<p><iframe loading=\"lazy\" src=\"https:\/\/www.youtube.com\/embed\/AIP3UOGXT8c\" frameborder=\"0\" allowfullscreen=\"allowfullscreen\"><\/iframe><\/p>\n<p>Fue el cuarto enfrentamiento de la temporada entre sevillistas y atl\u00e9ticos, tras la victoria madrile\u00f1a en la primera vuelta de LaLiga (2-0) y los dos triunfos en la Copa de los andaluces (1-2 y 3-1), y en esta ocasi\u00f3n con el objetivo claro para el equipo de Cholo Simeone de afianzar su segunda plaza en la tabla y seguir a la estela del Barcelona, y para el de Vincenzo Montella de acercarse a los puestos &#8216;Champions&#8217;.<\/p>\n","protected":false},"excerpt":{"rendered":"<p>El mexicano ingres\u00f3 por la lesi\u00f3n de Jes\u00fas Navas.<\/p>\n","protected":false},"author":129,"featured_media":518848,"comment_status":"closed","ping_status":"closed","sticky":false,"template":"","format":"standard","meta":[],"categories":[5,3839,3844],"tags":[6007,1913,1035,49],"_links":{"self":[{"href":"http:\/\/desarrollo.grupomedios.com\/futbol\/wp-json\/wp\/v2\/posts\/518847"}],"collection":[{"href":"http:\/\/desarrollo.grupomedios.com\/futbol\/wp-json\/wp\/v2\/posts"}],"about":[{"href":"http:\/\/desarrollo.grupomedios.com\/futbol\/wp-json\/wp\/v2\/types\/post"}],"author":[{"embeddable":true,"href":"http:\/\/desarrollo.grupomedios.com\/futbol\/wp-json\/wp\/v2\/users\/129"}],"replies":[{"embeddable":true,"href":"http:\/\/desarrollo.grupomedios.com\/futbol\/wp-json\/wp\/v2\/comments?post=518847"}],"version-history":[{"count":1,"href":"http:\/\/desarrollo.grupomedios.com\/futbol\/wp-json\/wp\/v2\/posts\/518847\/revisions"}],"predecessor-version":[{"id":518849,"href":"http:\/\/desarrollo.grupomedios.com\/futbol\/wp-json\/wp\/v2\/posts\/518847\/revisions\/518849"}],"wp:featuredmedia":[{"embeddable":true,"href":"http:\/\/desarrollo.grupomedios.com\/futbol\/wp-json\/wp\/v2\/media\/518848"}],"wp:attachment":[{"href":"http:\/\/desarrollo.grupomedios.com\/futbol\/wp-json\/wp\/v2\/media?parent=518847"}],"wp:term":[{"taxonomy":"category","embeddable":true,"href":"http:\/\/desarrollo.grupomedios.com\/futbol\/wp-json\/wp\/v2\/categories?post=518847"},{"taxonomy":"post_tag","embeddable":true,"href":"http:\/\/desarrollo.grupomedios.com\/futbol\/wp-json\/wp\/v2\/tags?post=518847"}],"curies":[{"name":"wp","href":"https:\/\/api.w.org\/{rel}","templated":true}]}}