{"id":518854,"date":"2018-02-25T16:15:31","date_gmt":"2018-02-25T22:15:31","guid":{"rendered":"https:\/\/www.futboltotal.com.mx\/?p=518854"},"modified":"2018-02-25T20:15:05","modified_gmt":"2018-02-26T02:15:05","slug":"conejo-perez-podria-seguir-carrera-junto-a-mexicano-en-la-mls","status":"publish","type":"post","link":"http:\/\/desarrollo.grupomedios.com\/futbol\/destacado-home\/conejo-perez-podria-seguir-carrera-junto-a-mexicano-en-la-mls\/2018\/02","title":{"rendered":"Conejo P\u00e9rez podr\u00eda seguir su carrera junto a un mexicano en la MLS"},"content":{"rendered":"<p>A pesar de que anunci\u00f3 que el <strong>Clausura 2018<\/strong> ser\u00eda su \u00faltima temporada como futbolista profesional, parece que <strong>\u00d3scar P\u00e9rez<\/strong> podr\u00eda estar cambiando de opini\u00f3n y se marchar\u00eda al futbol de <strong>Estados Unidos<\/strong>.<\/p>\n<p>El <strong>Conejo P\u00e9rez<\/strong> , de 45 a\u00f1os, no est\u00e1 viendo minutos en <strong>Liga Mx<\/strong> con <strong>Pachuca<\/strong> y es por ello que <mark>el nuevo club de la <strong>MLS<\/strong>, <strong>Los Angeles FC<\/strong>, estar\u00eda a la b\u00fasqueda del experimentado portero mexicano y as\u00ed juntarlo con la figura del equipo, <strong>Carlos Vela<\/strong>.<\/mark><\/p>\n<p>Seg\u00fan informa el portal <em>AS USA<\/em>, el conjunto de Vela ya le present\u00f3 una oferta al arquero mexicano, y el <strong>Cruz Azul<\/strong>, club due\u00f1o de su pase, lo autoriz\u00f3 para firmar en el norte pero la decisi\u00f3n la tomar\u00eda el propio portero.<\/p>\n<p style=\"text-align: center;\"><span style=\"color: #3366ff;\"><a href=\"https:\/\/www.futboltotal.com.mx\/futbol-internacional\/chelis-revive-a-ex-promesa-estadounidense-lo-debuta-las-vegas-lights\/2018\/02\">VER M\u00c1S: Chelis revive a ex promesa estadounidense y lo debuta con Las Vegas Lights<\/a><\/span><\/p>\n<p><img decoding=\"async\" loading=\"lazy\" class=\"alignnone size-full wp-image-489823\" src=\"https:\/\/www.futboltotal.com.mx\/wp-content\/uploads\/2017\/07\/conejo-1.jpg\" alt=\"Conejo P\u00e9rez podr\u00eda seguir su carrera junto a un mexicano en la MLS 0\" srcset=\"http:\/\/desarrollo.grupomedios.com\/futbol\/wp-content\/uploads\/2017\/07\/conejo-1.jpg 1136w, http:\/\/desarrollo.grupomedios.com\/futbol\/wp-content\/uploads\/2017\/07\/conejo-1-300x169.jpg 300w, http:\/\/desarrollo.grupomedios.com\/futbol\/wp-content\/uploads\/2017\/07\/conejo-1-768x432.jpg 768w, http:\/\/desarrollo.grupomedios.com\/futbol\/wp-content\/uploads\/2017\/07\/conejo-1-1024x576.jpg 1024w, http:\/\/desarrollo.grupomedios.com\/futbol\/wp-content\/uploads\/2017\/07\/conejo-1-317x178.jpg 317w, http:\/\/desarrollo.grupomedios.com\/futbol\/wp-content\/uploads\/2017\/07\/conejo-1-535x301.jpg 535w, http:\/\/desarrollo.grupomedios.com\/futbol\/wp-content\/uploads\/2017\/07\/conejo-1-374x210.jpg 374w\" sizes=\"(max-width: 1136px) 100vw, 1136px\" \/><\/p>\n<p><mark>\u00d3scar P\u00e9rez ver\u00eda con buenos ojos la oferta da la MLS, que rondar\u00eda el mill\u00f3n de d\u00f3lares anual. De concretarse, el Conejo ser\u00eda el futbolista mexicano de mayor veteran\u00eda en jugar en el f\u00fatbol de los Estados Unidos<\/mark>. Sumando as\u00ed un nuevo r\u00e9cord a la extensa carrera del ex Internacional con la escuadra azteca.<\/p>\n","protected":false},"excerpt":{"rendered":"<p>El mexicano jugar\u00eda un a\u00f1o m\u00e1s como profesional.<\/p>\n","protected":false},"author":129,"featured_media":512197,"comment_status":"closed","ping_status":"closed","sticky":false,"template":"","format":"standard","meta":[],"categories":[5,3839,9635],"tags":[6048,4410,5962,6214,8503,195,5968],"_links":{"self":[{"href":"http:\/\/desarrollo.grupomedios.com\/futbol\/wp-json\/wp\/v2\/posts\/518854"}],"collection":[{"href":"http:\/\/desarrollo.grupomedios.com\/futbol\/wp-json\/wp\/v2\/posts"}],"about":[{"href":"http:\/\/desarrollo.grupomedios.com\/futbol\/wp-json\/wp\/v2\/types\/post"}],"author":[{"embeddable":true,"href":"http:\/\/desarrollo.grupomedios.com\/futbol\/wp-json\/wp\/v2\/users\/129"}],"replies":[{"embeddable":true,"href":"http:\/\/desarrollo.grupomedios.com\/futbol\/wp-json\/wp\/v2\/comments?post=518854"}],"version-history":[{"count":1,"href":"http:\/\/desarrollo.grupomedios.com\/futbol\/wp-json\/wp\/v2\/posts\/518854\/revisions"}],"predecessor-version":[{"id":518855,"href":"http:\/\/desarrollo.grupomedios.com\/futbol\/wp-json\/wp\/v2\/posts\/518854\/revisions\/518855"}],"wp:featuredmedia":[{"embeddable":true,"href":"http:\/\/desarrollo.grupomedios.com\/futbol\/wp-json\/wp\/v2\/media\/512197"}],"wp:attachment":[{"href":"http:\/\/desarrollo.grupomedios.com\/futbol\/wp-json\/wp\/v2\/media?parent=518854"}],"wp:term":[{"taxonomy":"category","embeddable":true,"href":"http:\/\/desarrollo.grupomedios.com\/futbol\/wp-json\/wp\/v2\/categories?post=518854"},{"taxonomy":"post_tag","embeddable":true,"href":"http:\/\/desarrollo.grupomedios.com\/futbol\/wp-json\/wp\/v2\/tags?post=518854"}],"curies":[{"name":"wp","href":"https:\/\/api.w.org\/{rel}","templated":true}]}}