{"id":518856,"date":"2018-02-25T18:33:07","date_gmt":"2018-02-26T00:33:07","guid":{"rendered":"https:\/\/www.futboltotal.com.mx\/?p=518856"},"modified":"2018-02-25T18:33:07","modified_gmt":"2018-02-26T00:33:07","slug":"milan-vence-a-la-roma-sigue-en-ascenso-recuperar-grandeza","status":"publish","type":"post","link":"http:\/\/desarrollo.grupomedios.com\/futbol\/futbol-internacional\/milan-vence-a-la-roma-sigue-en-ascenso-recuperar-grandeza\/2018\/02","title":{"rendered":"Milan vence a la Roma y sigue en ascenso para recuperar su grandeza"},"content":{"rendered":"<p>La conexi\u00f3n entre el espa\u00f1ol <strong>Jes\u00fas Fern\u00e1ndez S\u00e1ez &#8216;Suso&#8217;<\/strong> y <strong>Patrick Cutrone<\/strong> impuls\u00f3 este domingo al<strong> Milan<\/strong> al triunfo por 2-0 en el campo del <strong>Roma<\/strong>, en la vig\u00e9sima sexta jornada de la<strong> Serie A italiana<\/strong> (Primera Divisi\u00f3n).<\/p>\n<p>La quinta asistencia del a\u00f1o de Suso a Cutrone y otro gol de <strong>Davide Calabria<\/strong> dieron al Milan de<strong> Gennaro Gattuso<\/strong> la sexta victoria en las \u00faltimas siete jornadas y alimentaron el sue\u00f1o de los &#8220;rossoneri&#8221; de alcanzar una plaza en la pr\u00f3xima Champions League.<\/p>\n<p style=\"text-align: center;\"><span style=\"color: #3366ff;\"><a href=\"https:\/\/www.futboltotal.com.mx\/futbol-internacional\/liga-de-italia\/juventus-atalanta-aplazado-intensa-nevada\/2018\/02\">VER M\u00c1S: Juventus-Atalanta, aplazado por intensa nevada<\/a><\/span><\/p>\n<p>Con este triunfo, el Milan se situ\u00f3 sexto y est\u00e1 a siete puntos de distancia del Inter, cuarto, que ocupa la \u00faltima plaza v\u00e1lida para entrar en la &#8216;Champions&#8217;.<\/p>\n<p>El margen sigue siendo importante, pero los hombres de Gattuso tendr\u00e1n una gran ocasi\u00f3n para acercarse ulteriormente la pr\u00f3xima semana, ya que se jugar\u00e1n un trascendental derbi con el <strong>Inter<\/strong>.<\/p>\n<p><iframe loading=\"lazy\" src=\"https:\/\/www.youtube.com\/embed\/G2MzlyLjQ0A\" frameborder=\"0\" allowfullscreen=\"allowfullscreen\"><\/iframe><\/p>\n","protected":false},"excerpt":{"rendered":"<p>Los de Gattuso quieren puestos de Champions.<\/p>\n","protected":false},"author":129,"featured_media":518857,"comment_status":"closed","ping_status":"closed","sticky":false,"template":"","format":"standard","meta":[],"categories":[3839,3848],"tags":[6214,242,320,5958],"_links":{"self":[{"href":"http:\/\/desarrollo.grupomedios.com\/futbol\/wp-json\/wp\/v2\/posts\/518856"}],"collection":[{"href":"http:\/\/desarrollo.grupomedios.com\/futbol\/wp-json\/wp\/v2\/posts"}],"about":[{"href":"http:\/\/desarrollo.grupomedios.com\/futbol\/wp-json\/wp\/v2\/types\/post"}],"author":[{"embeddable":true,"href":"http:\/\/desarrollo.grupomedios.com\/futbol\/wp-json\/wp\/v2\/users\/129"}],"replies":[{"embeddable":true,"href":"http:\/\/desarrollo.grupomedios.com\/futbol\/wp-json\/wp\/v2\/comments?post=518856"}],"version-history":[{"count":1,"href":"http:\/\/desarrollo.grupomedios.com\/futbol\/wp-json\/wp\/v2\/posts\/518856\/revisions"}],"predecessor-version":[{"id":518858,"href":"http:\/\/desarrollo.grupomedios.com\/futbol\/wp-json\/wp\/v2\/posts\/518856\/revisions\/518858"}],"wp:featuredmedia":[{"embeddable":true,"href":"http:\/\/desarrollo.grupomedios.com\/futbol\/wp-json\/wp\/v2\/media\/518857"}],"wp:attachment":[{"href":"http:\/\/desarrollo.grupomedios.com\/futbol\/wp-json\/wp\/v2\/media?parent=518856"}],"wp:term":[{"taxonomy":"category","embeddable":true,"href":"http:\/\/desarrollo.grupomedios.com\/futbol\/wp-json\/wp\/v2\/categories?post=518856"},{"taxonomy":"post_tag","embeddable":true,"href":"http:\/\/desarrollo.grupomedios.com\/futbol\/wp-json\/wp\/v2\/tags?post=518856"}],"curies":[{"name":"wp","href":"https:\/\/api.w.org\/{rel}","templated":true}]}}