{"id":518899,"date":"2018-02-26T09:24:42","date_gmt":"2018-02-26T15:24:42","guid":{"rendered":"https:\/\/www.futboltotal.com.mx\/?p=518899"},"modified":"2018-02-26T16:45:36","modified_gmt":"2018-02-26T22:45:36","slug":"11-ideal-la-jornada-9-del-clausura-2018","status":"publish","type":"post","link":"http:\/\/desarrollo.grupomedios.com\/futbol\/futbol-mexicano\/11-ideal-la-jornada-9-del-clausura-2018\/2018\/02","title":{"rendered":"11 Ideal de la Jornada 9 del Clausura 2018"},"content":{"rendered":"<p>Se jug\u00f3 la\u00a0<strong>Jornada 9 del Clausura 2018 de la Liga MX<\/strong>, y el fin de semana dej\u00f3 grandes partidos, donde algunos futbolistas dejaron todo para el triunfo de sus equipos.<\/p>\n<p>En la porter\u00eda, el portero de los <strong>Xolos<\/strong>, <strong>Gibr\u00e1n Lajud<\/strong>, se encarg\u00f3 de dejar su porter\u00eda en ceros frente a la mejor ofensiva del torneo, la de las <strong>\u00c1guilas del Am\u00e9rica<\/strong>. En la defensa, <strong>Facundo Erpen<\/strong> estuvo solido en la defensa de <strong>Lobos BUAP<\/strong> y adem\u00e1s colabor\u00f3 con una anotaci\u00f3n para el triunfo de su equipo.<\/p>\n<p style=\"text-align: center;\"><span style=\"color: #3366ff;\"><a href=\"https:\/\/www.futboltotal.com.mx\/futbol-mexicano\/liga-mx\/los-memes-dejo-la-jornada-9-del-clausura-2018\/2018\/02\">VER M\u00c1S: Los Memes que dej\u00f3 la Jornada 9 del Clausura 2018<\/a><\/span><\/p>\n<p>En el mediocampo, <strong>Jes\u00fas Isijara<\/strong> rompi\u00f3 la defensa de <strong>Cruz Azul<\/strong> con su velocidad y marc\u00f3 el primer gol del encuentro. Junto a \u00e9l aparecen <strong>Rafael Carioca<\/strong> de <strong>Tigres<\/strong> y <strong>Mat\u00edas Fern\u00e1ndez<\/strong> de <strong>Necaxa<\/strong>, que se encarg\u00f3 de repartir el juego.<\/p>\n<div class=\"prevPubli\">\u00a0Pero no te contamos m\u00e1s sobre estos jugadores y aqu\u00ed en\u00a0<strong>Futbol Total<\/strong>\u00a0te dejamos:\u00a0<strong>El 11 Ideal de la Jornada 9 del Clausura 2018<\/strong>.<\/div>\n<div><\/div>\n<div><img decoding=\"async\" loading=\"lazy\" class=\"size-full wp-image-518900 aligncenter\" src=\"https:\/\/www.futboltotal.com.mx\/wp-content\/uploads\/2018\/02\/11-ideal-jornada-9-clausura-2018.jpg\" alt=\"11 Ideal de la Jornada 9 del Clausura 2018 0\" srcset=\"http:\/\/desarrollo.grupomedios.com\/futbol\/wp-content\/uploads\/2018\/02\/11-ideal-jornada-9-clausura-2018.jpg 858w, http:\/\/desarrollo.grupomedios.com\/futbol\/wp-content\/uploads\/2018\/02\/11-ideal-jornada-9-clausura-2018-229x300.jpg 229w, http:\/\/desarrollo.grupomedios.com\/futbol\/wp-content\/uploads\/2018\/02\/11-ideal-jornada-9-clausura-2018-768x1005.jpg 768w, http:\/\/desarrollo.grupomedios.com\/futbol\/wp-content\/uploads\/2018\/02\/11-ideal-jornada-9-clausura-2018-782x1024.jpg 782w\" sizes=\"(max-width: 858px) 100vw, 858px\" \/><\/div>\n","protected":false},"excerpt":{"rendered":"<p>Conoce a los jugadores que destacaron el fin de semana.<\/p>\n","protected":false},"author":129,"featured_media":518902,"comment_status":"closed","ping_status":"closed","sticky":false,"template":"","format":"standard","meta":[],"categories":[7570,2198,3845],"tags":[9028,64,431,5966,5968,5972,5975,1673],"_links":{"self":[{"href":"http:\/\/desarrollo.grupomedios.com\/futbol\/wp-json\/wp\/v2\/posts\/518899"}],"collection":[{"href":"http:\/\/desarrollo.grupomedios.com\/futbol\/wp-json\/wp\/v2\/posts"}],"about":[{"href":"http:\/\/desarrollo.grupomedios.com\/futbol\/wp-json\/wp\/v2\/types\/post"}],"author":[{"embeddable":true,"href":"http:\/\/desarrollo.grupomedios.com\/futbol\/wp-json\/wp\/v2\/users\/129"}],"replies":[{"embeddable":true,"href":"http:\/\/desarrollo.grupomedios.com\/futbol\/wp-json\/wp\/v2\/comments?post=518899"}],"version-history":[{"count":1,"href":"http:\/\/desarrollo.grupomedios.com\/futbol\/wp-json\/wp\/v2\/posts\/518899\/revisions"}],"predecessor-version":[{"id":518903,"href":"http:\/\/desarrollo.grupomedios.com\/futbol\/wp-json\/wp\/v2\/posts\/518899\/revisions\/518903"}],"wp:featuredmedia":[{"embeddable":true,"href":"http:\/\/desarrollo.grupomedios.com\/futbol\/wp-json\/wp\/v2\/media\/518902"}],"wp:attachment":[{"href":"http:\/\/desarrollo.grupomedios.com\/futbol\/wp-json\/wp\/v2\/media?parent=518899"}],"wp:term":[{"taxonomy":"category","embeddable":true,"href":"http:\/\/desarrollo.grupomedios.com\/futbol\/wp-json\/wp\/v2\/categories?post=518899"},{"taxonomy":"post_tag","embeddable":true,"href":"http:\/\/desarrollo.grupomedios.com\/futbol\/wp-json\/wp\/v2\/tags?post=518899"}],"curies":[{"name":"wp","href":"https:\/\/api.w.org\/{rel}","templated":true}]}}