{"id":518909,"date":"2018-02-26T10:56:20","date_gmt":"2018-02-26T16:56:20","guid":{"rendered":"https:\/\/www.futboltotal.com.mx\/?p=518909"},"modified":"2018-02-26T10:56:20","modified_gmt":"2018-02-26T16:56:20","slug":"me-dan-pena-los-jovenes-han-visto-campeon-a-cruz-azul-caixinha","status":"publish","type":"post","link":"http:\/\/desarrollo.grupomedios.com\/futbol\/destacado-home\/me-dan-pena-los-jovenes-han-visto-campeon-a-cruz-azul-caixinha\/2018\/02","title":{"rendered":"Me da pena por los j\u00f3venes que no han visto campe\u00f3n a Cruz Azul: Caixinha"},"content":{"rendered":"<p>Luego de que <strong>Cruz Azul<\/strong> tuvo una derrota m\u00e1s en la <strong>Liga MX<\/strong>, <strong>Pedro Caixinha<\/strong> se dijo apenado por toda la afici\u00f3n que sigue a <strong>La M\u00e1quina<\/strong> y que nunca los ha visto como campe\u00f3n del futbol mexicano.<\/p>\n<p>El DT portugu\u00e9s dijo respetar la forma en que los aficionados se han manifestado para exigir su destituci\u00f3n despu\u00e9s de que los cementeros solo han sumado ocho puntos y no conoce la victoria desde la <strong>Jornada 2.<\/strong><\/p>\n<p style=\"text-align: center;\"><span style=\"color: #3366ff;\"><a href=\"https:\/\/www.futboltotal.com.mx\/futbol-mexicano\/liga-mx\/los-memes-dejo-la-jornada-9-del-clausura-2018\/2018\/02\">VER M\u00c1S: Los Memes que dej\u00f3 la Jornada 9 del Clausura 2018<\/a><\/span><\/p>\n<p>\u201c<mark>Todo el respeto del mundo por lo que son, son las maneras como se manifiestan, es una afici\u00f3n que he dicho es la m\u00e1s fiel de <strong>M\u00e9xico,<\/strong> ninguna afici\u00f3n pasa tanto sin un t\u00edtulo de liga y est\u00e1 siempre ah\u00ed apoyando<\/mark>.<\/p>\n<p>\u201c<mark>A m\u00ed me da mucha pena mirar gente joven que todav\u00eda no estaban en este mundo cuando ganamos el \u00faltimo t\u00edtulo de liga, tenemos que trabajar para ellos, tenemos que respetarlos, lo \u00fanico que puedo hacer es seguir trabajando fuerte<\/mark>\u201d, se\u00f1al\u00f3.<\/p>\n<p>Caixinha abog\u00f3 por su continuidad al frente de Cruz Azul porque piensa que puede sacar adelante al conjunto cementero.<\/p>\n<p>\u201cEl puesto empieza a restar desde el primer d\u00eda que llegu\u00e9, esas decisiones caben tomarlas en quien me contrat\u00f3. Yo estoy con toda la fuerza, con esa perseverancia de poder sacarlos adelante\u201d, apunt\u00f3<\/p>\n<p style=\"text-align: center;\"><span style=\"color: #3366ff;\"><a href=\"https:\/\/www.futboltotal.com.mx\/futbol-mexicano\/liga-mx\/santos-2-0-cruz-azul-clausura-2018-goles-resumen\/2018\/02\">VER M\u00c1S: Cruz Azul, un desastre que Santos aprovech\u00f3 para ganar<\/a><\/span><\/p>\n<p>El portugu\u00e9s reiter\u00f3 que no siente tanta presi\u00f3n al dirigir a <em>la M\u00e1quina<\/em>\u00a0como en su momento <strong>Santos<\/strong>, sin embargo, apunt\u00f3 que est\u00e1 enojado porque no puede conseguir los resultados esperados.<\/p>\n<p>\u201cLo que yo quiero es seguir con el equipo y levantarlo lo m\u00e1s pronto posible y que busquemos una reacci\u00f3n\u201d, expres\u00f3 tras la derrota 2-0 ante Santos en el TSM.<\/p>\n","protected":false},"excerpt":{"rendered":"<p>El Cementero lament\u00f3 otra derrota de su equipo.<\/p>\n","protected":false},"author":129,"featured_media":518911,"comment_status":"closed","ping_status":"closed","sticky":false,"template":"","format":"standard","meta":[],"categories":[5,2198,3845],"tags":[5962,64,5972],"_links":{"self":[{"href":"http:\/\/desarrollo.grupomedios.com\/futbol\/wp-json\/wp\/v2\/posts\/518909"}],"collection":[{"href":"http:\/\/desarrollo.grupomedios.com\/futbol\/wp-json\/wp\/v2\/posts"}],"about":[{"href":"http:\/\/desarrollo.grupomedios.com\/futbol\/wp-json\/wp\/v2\/types\/post"}],"author":[{"embeddable":true,"href":"http:\/\/desarrollo.grupomedios.com\/futbol\/wp-json\/wp\/v2\/users\/129"}],"replies":[{"embeddable":true,"href":"http:\/\/desarrollo.grupomedios.com\/futbol\/wp-json\/wp\/v2\/comments?post=518909"}],"version-history":[{"count":1,"href":"http:\/\/desarrollo.grupomedios.com\/futbol\/wp-json\/wp\/v2\/posts\/518909\/revisions"}],"predecessor-version":[{"id":518912,"href":"http:\/\/desarrollo.grupomedios.com\/futbol\/wp-json\/wp\/v2\/posts\/518909\/revisions\/518912"}],"wp:featuredmedia":[{"embeddable":true,"href":"http:\/\/desarrollo.grupomedios.com\/futbol\/wp-json\/wp\/v2\/media\/518911"}],"wp:attachment":[{"href":"http:\/\/desarrollo.grupomedios.com\/futbol\/wp-json\/wp\/v2\/media?parent=518909"}],"wp:term":[{"taxonomy":"category","embeddable":true,"href":"http:\/\/desarrollo.grupomedios.com\/futbol\/wp-json\/wp\/v2\/categories?post=518909"},{"taxonomy":"post_tag","embeddable":true,"href":"http:\/\/desarrollo.grupomedios.com\/futbol\/wp-json\/wp\/v2\/tags?post=518909"}],"curies":[{"name":"wp","href":"https:\/\/api.w.org\/{rel}","templated":true}]}}