{"id":518914,"date":"2018-02-26T11:53:35","date_gmt":"2018-02-26T17:53:35","guid":{"rendered":"https:\/\/www.futboltotal.com.mx\/?p=518914"},"modified":"2018-02-26T11:53:35","modified_gmt":"2018-02-26T17:53:35","slug":"guardado-trollea-a-ochoa-agradece-llevarlo-a-europa","status":"publish","type":"post","link":"http:\/\/desarrollo.grupomedios.com\/futbol\/futbol-internacional\/guardado-trollea-a-ochoa-agradece-llevarlo-a-europa\/2018\/02","title":{"rendered":"Guardado trollea a Ochoa y agradece por &#8220;llevarlo a Europa&#8221;"},"content":{"rendered":"<p>Gracias a sus grandes actuaciones con el <strong>Atlas<\/strong> hace m\u00e1s de 10 a\u00f1os, <strong>Andr\u00e9s Guardado<\/strong> se gan\u00f3 su lugar en el futbol europeo donde se ha ido consolidando en equipos como <strong>Deportivo La Coru\u00f1a<\/strong>, <strong>PSV Eindhoven<\/strong> y ahora en el <strong>Betis<\/strong>.<\/p>\n<p>Ahora con el equipo sevillista, donde es titular, <strong>Guardado<\/strong> record\u00f3 algunos de sus partidos contra el <strong>Am\u00e9rica<\/strong> en su etapa con los <strong>Rojinegros<\/strong> donde venci\u00f3 con grandes goles a su amigo <strong>Memo Ochoa<\/strong>.<\/p>\n<p>A trav\u00e9s de su cuenta de <strong>Instagram<\/strong>, <em>El Principito<\/em> mostr\u00f3 un recuerdo de una portada de peri\u00f3dico que lo muestra en la portada festejando un gol ante las \u00c1guilas y donde escribi\u00f3 un mensaje para su <em>Paco Memo<\/em>. &#8220;Mira que buen recuerdo hermano @yosoy8a gracias por llevarme a Europa, eres chido&#8221;.<\/p>\n<p style=\"text-align: center;\"><span style=\"color: #3366ff;\"><a href=\"https:\/\/www.futboltotal.com.mx\/futbol-internacional\/liga-de-espana\/futbol-chino-se-roba-dos-figuras-del-atletico-madrid\/2018\/02\">VER M\u00c1S: Futbol chino se roba dos figuras del Atl\u00e9tico de Madrid<\/a><\/span><\/p>\n<p><img decoding=\"async\" loading=\"lazy\" class=\"size-full wp-image-518918 aligncenter\" src=\"https:\/\/www.futboltotal.com.mx\/wp-content\/uploads\/2018\/02\/guardado-trollea-ochoa.jpg\" alt=\"Guardado trollea a Ochoa y agradece por &#8220;llevarlo a Europa&#8221; 0\" srcset=\"http:\/\/desarrollo.grupomedios.com\/futbol\/wp-content\/uploads\/2018\/02\/guardado-trollea-ochoa.jpg 720w, http:\/\/desarrollo.grupomedios.com\/futbol\/wp-content\/uploads\/2018\/02\/guardado-trollea-ochoa-169x300.jpg 169w, http:\/\/desarrollo.grupomedios.com\/futbol\/wp-content\/uploads\/2018\/02\/guardado-trollea-ochoa-576x1024.jpg 576w\" sizes=\"(max-width: 720px) 100vw, 720px\" \/><\/p>\n","protected":false},"excerpt":{"rendered":"<p>El jugador record\u00f3 los golazos que le hizo al portero.<\/p>\n","protected":false},"author":129,"featured_media":518920,"comment_status":"closed","ping_status":"closed","sticky":false,"template":"","format":"standard","meta":[],"categories":[3839,3844],"tags":[5959,6046,5961,5991,64],"_links":{"self":[{"href":"http:\/\/desarrollo.grupomedios.com\/futbol\/wp-json\/wp\/v2\/posts\/518914"}],"collection":[{"href":"http:\/\/desarrollo.grupomedios.com\/futbol\/wp-json\/wp\/v2\/posts"}],"about":[{"href":"http:\/\/desarrollo.grupomedios.com\/futbol\/wp-json\/wp\/v2\/types\/post"}],"author":[{"embeddable":true,"href":"http:\/\/desarrollo.grupomedios.com\/futbol\/wp-json\/wp\/v2\/users\/129"}],"replies":[{"embeddable":true,"href":"http:\/\/desarrollo.grupomedios.com\/futbol\/wp-json\/wp\/v2\/comments?post=518914"}],"version-history":[{"count":1,"href":"http:\/\/desarrollo.grupomedios.com\/futbol\/wp-json\/wp\/v2\/posts\/518914\/revisions"}],"predecessor-version":[{"id":518921,"href":"http:\/\/desarrollo.grupomedios.com\/futbol\/wp-json\/wp\/v2\/posts\/518914\/revisions\/518921"}],"wp:featuredmedia":[{"embeddable":true,"href":"http:\/\/desarrollo.grupomedios.com\/futbol\/wp-json\/wp\/v2\/media\/518920"}],"wp:attachment":[{"href":"http:\/\/desarrollo.grupomedios.com\/futbol\/wp-json\/wp\/v2\/media?parent=518914"}],"wp:term":[{"taxonomy":"category","embeddable":true,"href":"http:\/\/desarrollo.grupomedios.com\/futbol\/wp-json\/wp\/v2\/categories?post=518914"},{"taxonomy":"post_tag","embeddable":true,"href":"http:\/\/desarrollo.grupomedios.com\/futbol\/wp-json\/wp\/v2\/tags?post=518914"}],"curies":[{"name":"wp","href":"https:\/\/api.w.org\/{rel}","templated":true}]}}