{"id":518917,"date":"2018-02-26T12:23:38","date_gmt":"2018-02-26T18:23:38","guid":{"rendered":"https:\/\/www.futboltotal.com.mx\/?p=518917"},"modified":"2018-02-26T12:23:38","modified_gmt":"2018-02-26T18:23:38","slug":"la-uefa-la-da-la-espalda-al-var-eliminandolo-la-champions-league","status":"publish","type":"post","link":"http:\/\/desarrollo.grupomedios.com\/futbol\/futbol-internacional\/la-uefa-la-da-la-espalda-al-var-eliminandolo-la-champions-league\/2018\/02","title":{"rendered":"La UEFA la da la espalda al VAR elimin\u00e1ndolo de la Champions League"},"content":{"rendered":"<p><em>\u201cNadie sabe todav\u00eda exactamente c\u00f3mo funciona. Hay mucha confusi\u00f3n\u201d,<\/em> se\u00f1al\u00f3 sobre el <strong>Asistente de V\u00eddeo al Arbitraje (VAR)<\/strong> el presidente de la <em>UEFA,<\/em><strong> Aleksander Ceferin,<\/strong>\u00a0<mark>al anunciar que no ser\u00e1 utilizado en la <strong>Champions League<\/strong> la pr\u00f3xima temporada.<\/mark><\/p>\n<p><em>\u201cNo estoy para nada en contra, pero debemos explicar mejor cu\u00e1ndo se utiliza. Veremos en la Copa del Mundo\u201d<\/em>, se\u00f1al\u00f3 <strong>Ceferin<\/strong> en el congreso de la <em>UEFA<\/em> en Bratislava.<\/p>\n<p style=\"text-align: center;\"><a href=\"https:\/\/www.futboltotal.com.mx\/futbol-internacional\/liga-de-espana\/zidane-espera-lesion-neymar-sea-gravedad\/2018\/02\">VER M\u00c1S: Zidane espera que lesi\u00f3n de Neymar no sea de gravedad<\/a><\/p>\n<p><em>\u201cPodr\u00eda ser un buen proyecto, \u00fatil para el f\u00fatbol, pero no debemos precipitarnos al tomar este tipo de decisiones\u201d,<\/em> a\u00f1adi\u00f3. El <strong>VAR,<\/strong> que ya se ha probado en varias competiciones, <mark>podr\u00eda ser utilizado en el Mundial de Rusia,<\/mark> del 14 de junio al 15 de julio. <mark>La <em>Board,<\/em> \u00f3rgano garante de las reglas del f\u00fatbol, tomar\u00e1 una decisi\u00f3n definitiva el<strong> 3 de marzo.<\/strong><\/mark> <strong>Gianni Infantino,<\/strong> presidente de la <strong>FIFA,<\/strong> dijo tener <em>\u201cconfianza\u201d<\/em> en que se acepte su uso en la competici\u00f3n planetaria.<\/p>\n<h2>\u00bfCu\u00e1ndo se usa el VAR?<\/h2>\n<p>El <strong>VAR<\/strong> puede ser utilizado en cuatro situaciones del juego: Tras un gol marcado, en una situaci\u00f3n de penal, por una roja directa o para corregir un error de identidad de un jugador sancionado.<\/p>\n<p><img decoding=\"async\" loading=\"lazy\" class=\"wp-image-518924 aligncenter\" src=\"https:\/\/www.futboltotal.com.mx\/wp-content\/uploads\/2018\/02\/UEFA2-1024x576.jpg\" alt=\"La UEFA la da la espalda al VAR elimin\u00e1ndolo de la Champions League 0\" srcset=\"http:\/\/desarrollo.grupomedios.com\/futbol\/wp-content\/uploads\/2018\/02\/UEFA2-1024x576.jpg 1024w, http:\/\/desarrollo.grupomedios.com\/futbol\/wp-content\/uploads\/2018\/02\/UEFA2-300x169.jpg 300w, http:\/\/desarrollo.grupomedios.com\/futbol\/wp-content\/uploads\/2018\/02\/UEFA2-768x432.jpg 768w, http:\/\/desarrollo.grupomedios.com\/futbol\/wp-content\/uploads\/2018\/02\/UEFA2-393x221.jpg 393w, http:\/\/desarrollo.grupomedios.com\/futbol\/wp-content\/uploads\/2018\/02\/UEFA2.jpg 1136w\" sizes=\"(max-width: 773px) 100vw, 773px\" \/><\/p>\n","protected":false},"excerpt":{"rendered":"<p>El presidente de la UEFA, Aleksander Ceferin, anunci\u00f3 que no ser\u00e1 utilizado en la Liga de Campeones la pr\u00f3xima temporada.<\/p>\n","protected":false},"author":165,"featured_media":518923,"comment_status":"closed","ping_status":"closed","sticky":false,"template":"","format":"standard","meta":[],"categories":[3841,3839],"tags":[7422,11883,97,36,125,133,2232,192,9078],"_links":{"self":[{"href":"http:\/\/desarrollo.grupomedios.com\/futbol\/wp-json\/wp\/v2\/posts\/518917"}],"collection":[{"href":"http:\/\/desarrollo.grupomedios.com\/futbol\/wp-json\/wp\/v2\/posts"}],"about":[{"href":"http:\/\/desarrollo.grupomedios.com\/futbol\/wp-json\/wp\/v2\/types\/post"}],"author":[{"embeddable":true,"href":"http:\/\/desarrollo.grupomedios.com\/futbol\/wp-json\/wp\/v2\/users\/165"}],"replies":[{"embeddable":true,"href":"http:\/\/desarrollo.grupomedios.com\/futbol\/wp-json\/wp\/v2\/comments?post=518917"}],"version-history":[{"count":1,"href":"http:\/\/desarrollo.grupomedios.com\/futbol\/wp-json\/wp\/v2\/posts\/518917\/revisions"}],"predecessor-version":[{"id":518925,"href":"http:\/\/desarrollo.grupomedios.com\/futbol\/wp-json\/wp\/v2\/posts\/518917\/revisions\/518925"}],"wp:featuredmedia":[{"embeddable":true,"href":"http:\/\/desarrollo.grupomedios.com\/futbol\/wp-json\/wp\/v2\/media\/518923"}],"wp:attachment":[{"href":"http:\/\/desarrollo.grupomedios.com\/futbol\/wp-json\/wp\/v2\/media?parent=518917"}],"wp:term":[{"taxonomy":"category","embeddable":true,"href":"http:\/\/desarrollo.grupomedios.com\/futbol\/wp-json\/wp\/v2\/categories?post=518917"},{"taxonomy":"post_tag","embeddable":true,"href":"http:\/\/desarrollo.grupomedios.com\/futbol\/wp-json\/wp\/v2\/tags?post=518917"}],"curies":[{"name":"wp","href":"https:\/\/api.w.org\/{rel}","templated":true}]}}