{"id":518935,"date":"2018-02-26T15:46:46","date_gmt":"2018-02-26T21:46:46","guid":{"rendered":"https:\/\/www.futboltotal.com.mx\/?p=518935"},"modified":"2018-02-26T15:47:05","modified_gmt":"2018-02-26T21:47:05","slug":"gran-gesto-djaniny-tavares-nino-al-dio-balonazo","status":"publish","type":"post","link":"http:\/\/desarrollo.grupomedios.com\/futbol\/futbol-mexicano\/gran-gesto-djaniny-tavares-nino-al-dio-balonazo\/2018\/02","title":{"rendered":"El gran gesto de Djaniny Tavares con un ni\u00f1o al que dio un balonazo"},"content":{"rendered":"<p>Adem\u00e1s de que sigue gan\u00e1ndose a la afici\u00f3n con sus goles para<strong> Santos Laguna<\/strong>, <strong>Djaniny Tavares<\/strong> tambi\u00e9n lo hace con sus gestos con la afici\u00f3n que lo apoya en Torre\u00f3n cada 15 d\u00edas.<\/p>\n<p>Fue durante el encuentro ante <strong>Cruz Azul<\/strong>, donde un bal\u00f3n impactado por el caboverdiano se estrell\u00f3 en el rostro de un peque\u00f1o que no pudo contener las l\u00e1grimas; sin embargo, el delantero tuvo el noble gesto de regalarle su playera al t\u00e9rmino del juego.<\/p>\n<p style=\"text-align: center;\"><span style=\"color: #3366ff;\"><a href=\"https:\/\/www.futboltotal.com.mx\/futbol-internacional\/concacaf-expande-participantes-la-copa-oro\/2018\/02\">VER M\u00c1S: Concacaf expande participantes de la Copa Oro<\/a><\/span><\/p>\n<blockquote class=\"twitter-tweet\" data-data-dnt=\"true\">\n<p lang=\"es\" dir=\"ltr\">\ud83c\uddf3\ud83c\uddec\ud83d\ude4f Ayer <a href=\"https:\/\/twitter.com\/hashtag\/Djaniny?src=hash&amp;ref_src=twsrc%5Etfw\">#Djaniny<\/a> le dio accidentalmente un balonazo a un peque\u00f1o <a href=\"https:\/\/twitter.com\/hashtag\/Guerrero?src=hash&amp;ref_src=twsrc%5Etfw\">#Guerrero<\/a>. \ud83e\udd15<br \/>\u00bfQu\u00e9 hizo para compensarlo? \u00a1V\u00e9anlo ustedes mismos! \ud83d\udc9a\ud83d\udc4f<a href=\"https:\/\/twitter.com\/hashtag\/GanarSirviendo?src=hash&amp;ref_src=twsrc%5Etfw\">#GanarSirviendo<\/a><\/p>\n<p>(\ud83d\udcf9: <a href=\"https:\/\/twitter.com\/mmdeportesmx?ref_src=twsrc%5Etfw\">@mmdeportesmx<\/a>) <a href=\"https:\/\/t.co\/AUfmPra4kY\">pic.twitter.com\/AUfmPra4kY<\/a><\/p>\n<p>&mdash; Club Santos (@ClubSantos) <a href=\"https:\/\/twitter.com\/ClubSantos\/status\/968153762014605312?ref_src=twsrc%5Etfw\">February 26, 2018<\/a><\/p><\/blockquote>\n<p><script async src=\"https:\/\/platform.twitter.com\/widgets.js\" charset=\"utf-8\"><\/script><\/p>\n<p>Adem\u00e1s del gran detalle que tuvo con el peque\u00f1o aficionado, Djaniny tambi\u00e9n marc\u00f3 el segundo gol para Santos en el duelo ante La M\u00e1quina y y lleg\u00f3 a 11 goles en el <strong>Clausura 2018<\/strong>, donde es el l\u00edder de goleo.<\/p>\n","protected":false},"excerpt":{"rendered":"<p>Djaniny sigue como l\u00edder de goleo del Clausura 2018.<\/p>\n","protected":false},"author":129,"featured_media":518938,"comment_status":"closed","ping_status":"closed","sticky":false,"template":"","format":"standard","meta":[],"categories":[2198,3845],"tags":[8426,64,5972],"_links":{"self":[{"href":"http:\/\/desarrollo.grupomedios.com\/futbol\/wp-json\/wp\/v2\/posts\/518935"}],"collection":[{"href":"http:\/\/desarrollo.grupomedios.com\/futbol\/wp-json\/wp\/v2\/posts"}],"about":[{"href":"http:\/\/desarrollo.grupomedios.com\/futbol\/wp-json\/wp\/v2\/types\/post"}],"author":[{"embeddable":true,"href":"http:\/\/desarrollo.grupomedios.com\/futbol\/wp-json\/wp\/v2\/users\/129"}],"replies":[{"embeddable":true,"href":"http:\/\/desarrollo.grupomedios.com\/futbol\/wp-json\/wp\/v2\/comments?post=518935"}],"version-history":[{"count":2,"href":"http:\/\/desarrollo.grupomedios.com\/futbol\/wp-json\/wp\/v2\/posts\/518935\/revisions"}],"predecessor-version":[{"id":518940,"href":"http:\/\/desarrollo.grupomedios.com\/futbol\/wp-json\/wp\/v2\/posts\/518935\/revisions\/518940"}],"wp:featuredmedia":[{"embeddable":true,"href":"http:\/\/desarrollo.grupomedios.com\/futbol\/wp-json\/wp\/v2\/media\/518938"}],"wp:attachment":[{"href":"http:\/\/desarrollo.grupomedios.com\/futbol\/wp-json\/wp\/v2\/media?parent=518935"}],"wp:term":[{"taxonomy":"category","embeddable":true,"href":"http:\/\/desarrollo.grupomedios.com\/futbol\/wp-json\/wp\/v2\/categories?post=518935"},{"taxonomy":"post_tag","embeddable":true,"href":"http:\/\/desarrollo.grupomedios.com\/futbol\/wp-json\/wp\/v2\/tags?post=518935"}],"curies":[{"name":"wp","href":"https:\/\/api.w.org\/{rel}","templated":true}]}}