{"id":518947,"date":"2018-02-26T16:30:13","date_gmt":"2018-02-26T22:30:13","guid":{"rendered":"https:\/\/www.futboltotal.com.mx\/?p=518947"},"modified":"2018-02-26T16:44:47","modified_gmt":"2018-02-26T22:44:47","slug":"dt-tottenham-rogo-a-chicharito-ficharlo","status":"publish","type":"post","link":"http:\/\/desarrollo.grupomedios.com\/futbol\/destacado-home\/dt-tottenham-rogo-a-chicharito-ficharlo\/2018\/02","title":{"rendered":"DT de Tottenham &#8216;rog\u00f3&#8217; a Chicharito para ficharlo"},"content":{"rendered":"<p>El actual entrenador del <strong>Tottenham Hotspur<\/strong>,\u00a0\u00a0<strong>Andre Villas-Boas,\u00a0<\/strong>revel\u00f3 que busc\u00f3 al forma de fichar al delantero mexicano <strong>Javier &#8216;Chicharito&#8217; Hern\u00e1ndez<\/strong>, sin embargo este se resisti\u00f3 mientras estaba en su \u00e9poca con el Manchester United y aspiraba a lograr el puesto de titular en el ataque de los <strong>Red Devils<\/strong>, algo que no sucedi\u00f3 para el azteca.<\/p>\n<p><mark>&#8220;Estuve muy cerca de fichar a\u00a0<strong>Chicharito<\/strong>, todav\u00eda tengo muy buena relaci\u00f3n con \u00e9l. En\u00a0<strong>Zenit,<\/strong>\u00a0en el\u00a0<strong>Tottenham<\/strong>, estaba siempre intentando esa sesi\u00f3n con el\u00a0<strong>Manchester United<\/strong><\/mark>, \u00e9l me dec\u00eda siempre: &#8216;No m\u00edster, voy a pelear por mi posici\u00f3n y voy a pelear hasta el final&#8217;, yo le dec\u00eda que me diera la oportunidad, pero no. <mark>\u00c9l cre\u00eda mucho en s\u00ed y eso tambi\u00e9n me ilusionaba mucho. Al final no fuimos capaces de llegar a un acuerdo&#8221;<\/mark>,expres\u00f3 el DT portugu\u00e9s en entrevista con ESPN.<\/p>\n<p style=\"text-align: center;\"><a href=\"https:\/\/www.futboltotal.com.mx\/futbol-mexicano\/liga-mx\/11-infame-la-jornada-9-del-clausura-2018\/2018\/02\">VER M\u00c1S: 11 Infame de la Jornada 9 del Clausura 2018<\/a><\/p>\n<p>Adem\u00e1s ahondo en las caracter\u00edsticas y cualidades que posee el delantero mexicano dentro del terreno de juego, algo que con los a\u00f1os ha hecho que se defina su estilo y era lo que le interesaba de \u00e9l para ficharle cuando estaba en el futbol de Rusia y ahora de Inglaterra.<\/p>\n<p>&#8220;Como jugador, <mark>su capacidad de desmarque, estar en el momento exacto para hacer el gol, de perder la marcaci\u00f3n del adversario y llegar al \u00e1rea. Eso es lo que m\u00e1s interesaba, su velocidad tambi\u00e9n me interesaba<\/mark>. Como persona, todo muy bien y eso fui capaz de entender cuando habl\u00e1bamos. Es importante para el entrenador tener con quien se puede relacionar de modo muy frontal y yo ten\u00eda esa sensaci\u00f3n con \u00e9l&#8221;, se\u00f1al\u00f3.<\/p>\n<p style=\"text-align: center;\"><a href=\"https:\/\/www.futboltotal.com.mx\/futbol-internacional\/liga-de-espana\/futbol-chino-se-roba-dos-figuras-del-atletico-madrid\/2018\/02\">VER M\u00c1S: Futbol chino se roba dos figuras del Atl\u00e9tico de Madrid<\/a><\/p>\n","protected":false},"excerpt":{"rendered":"<p>El mexicano opt\u00f3 por no salir en ese momento del Manchester United<\/p>\n","protected":false},"author":159,"featured_media":518952,"comment_status":"closed","ping_status":"closed","sticky":false,"template":"","format":"standard","meta":[],"categories":[5,3839,3846],"tags":[4038,120,549,43,7017,6064],"_links":{"self":[{"href":"http:\/\/desarrollo.grupomedios.com\/futbol\/wp-json\/wp\/v2\/posts\/518947"}],"collection":[{"href":"http:\/\/desarrollo.grupomedios.com\/futbol\/wp-json\/wp\/v2\/posts"}],"about":[{"href":"http:\/\/desarrollo.grupomedios.com\/futbol\/wp-json\/wp\/v2\/types\/post"}],"author":[{"embeddable":true,"href":"http:\/\/desarrollo.grupomedios.com\/futbol\/wp-json\/wp\/v2\/users\/159"}],"replies":[{"embeddable":true,"href":"http:\/\/desarrollo.grupomedios.com\/futbol\/wp-json\/wp\/v2\/comments?post=518947"}],"version-history":[{"count":2,"href":"http:\/\/desarrollo.grupomedios.com\/futbol\/wp-json\/wp\/v2\/posts\/518947\/revisions"}],"predecessor-version":[{"id":518955,"href":"http:\/\/desarrollo.grupomedios.com\/futbol\/wp-json\/wp\/v2\/posts\/518947\/revisions\/518955"}],"wp:featuredmedia":[{"embeddable":true,"href":"http:\/\/desarrollo.grupomedios.com\/futbol\/wp-json\/wp\/v2\/media\/518952"}],"wp:attachment":[{"href":"http:\/\/desarrollo.grupomedios.com\/futbol\/wp-json\/wp\/v2\/media?parent=518947"}],"wp:term":[{"taxonomy":"category","embeddable":true,"href":"http:\/\/desarrollo.grupomedios.com\/futbol\/wp-json\/wp\/v2\/categories?post=518947"},{"taxonomy":"post_tag","embeddable":true,"href":"http:\/\/desarrollo.grupomedios.com\/futbol\/wp-json\/wp\/v2\/tags?post=518947"}],"curies":[{"name":"wp","href":"https:\/\/api.w.org\/{rel}","templated":true}]}}