{"id":518962,"date":"2018-02-26T19:15:38","date_gmt":"2018-02-27T01:15:38","guid":{"rendered":"https:\/\/www.futboltotal.com.mx\/?p=518962"},"modified":"2018-02-26T19:15:38","modified_gmt":"2018-02-27T01:15:38","slug":"neymar-diagnosticado-esguince-estara-ante-real-madrid","status":"publish","type":"post","link":"http:\/\/desarrollo.grupomedios.com\/futbol\/futbol-internacional\/neymar-diagnosticado-esguince-estara-ante-real-madrid\/2018\/02","title":{"rendered":"Neymar, con un esguince \u00bfestar\u00e1 ante Real Madrid?"},"content":{"rendered":"<p>La estrella del <strong>Paris Saint-Germain, Neymar<\/strong> ha tenido ya un parte m\u00e9dico confirmado, por lo que ahora ha quedado en duda su participaci\u00f3n ante el <strong>Real Madrid<\/strong> en el duelo de vuelta de Octavos de Final por la<strong> UEFA Champions League<\/strong>, pues el tiempo estimado de recuperaci\u00f3n, a pesar de no ser preciso no parece muy alentador.<\/p>\n<p><mark>&#8220;Los\u00a0ex\u00e1menes complementarios realizados este lunes confirmaron un esguince en el tobillo derecho y adem\u00e1s mostraron la existencia asociada de una fisura del quinto metatarsiano&#8221;<\/mark>, inform\u00f3 el club parisino en la p\u00e1gina web oficial.<\/p>\n<p style=\"text-align: center;\"><a href=\"https:\/\/www.futboltotal.com.mx\/futbol-internacional\/liga-de-inglaterra\/dt-tottenham-rogo-a-chicharito-ficharlo\/2018\/02\">VER M\u00c1S: DT de Tottenham \u2018rog\u00f3\u2019 a Chicharito para ficharlo<\/a><\/p>\n<p>A diez minutos de terminar el Cl\u00e1sico del futbol franc\u00e9s ante el <strong>Olympique de Marsella<\/strong>, el atacante tuvo que ser sacado en camilla tras lastimarse el tobillo derecho. El estratega\u00a0 <strong>Unai Emery<\/strong> hab\u00eda dicho que estar\u00edan a la espera de los resultados m\u00e9dicos y ser\u00edan optimistas con respecto a su recuperaci\u00f3n.<\/p>\n<p>Este tipo de tipo de lesiones tienen un tiempo de recuperaci\u00f3n cercano<strong> entre 2 a 3 semanas,<\/strong> lo que le impedir\u00eda al futbolista estar listo para el Real Madrid y en caso de estarlo ser\u00eda riesgoso darle minutos al instante, siendo que es una lesi\u00f3n delicada.<\/p>\n<p style=\"text-align: center;\"><a href=\"https:\/\/www.futboltotal.com.mx\/futbol-mexicano\/liga-mx\/piojo-herrera-confiesa-jugador-chivas-desearia-dirigir\/2018\/02\">VER M\u00c1S: Piojo Herrera confiesa jugador de Chivas que desear\u00eda dirigir<\/a><\/p>\n<blockquote class=\"twitter-tweet\" data-width=\"500\">\n<p lang=\"fr\" dir=\"ltr\">Point m\u00e9dical pour <a href=\"https:\/\/twitter.com\/neymarjr?ref_src=twsrc%5Etfw\">@NeymarJr<\/a> et <a href=\"https:\/\/twitter.com\/marquinhos_m5?ref_src=twsrc%5Etfw\">@marquinhos_m5<\/a><\/p>\n<p>&mdash; PSG Officiel (@PSG_inside) <a href=\"https:\/\/twitter.com\/PSG_inside\/status\/968253473811828736?ref_src=twsrc%5Etfw\">February 26, 2018<\/a><\/p><\/blockquote>\n<p><script async src=\"https:\/\/platform.twitter.com\/widgets.js\" charset=\"utf-8\"><\/script><\/p>\n","protected":false},"excerpt":{"rendered":"<p>El futbolista brasile\u00f1o tuvo una lesi\u00f3n en el peor momento de la temporada <\/p>\n","protected":false},"author":159,"featured_media":518963,"comment_status":"closed","ping_status":"closed","sticky":false,"template":"","format":"standard","meta":[],"categories":[3839,9609],"tags":[36,6001,1376,5988],"_links":{"self":[{"href":"http:\/\/desarrollo.grupomedios.com\/futbol\/wp-json\/wp\/v2\/posts\/518962"}],"collection":[{"href":"http:\/\/desarrollo.grupomedios.com\/futbol\/wp-json\/wp\/v2\/posts"}],"about":[{"href":"http:\/\/desarrollo.grupomedios.com\/futbol\/wp-json\/wp\/v2\/types\/post"}],"author":[{"embeddable":true,"href":"http:\/\/desarrollo.grupomedios.com\/futbol\/wp-json\/wp\/v2\/users\/159"}],"replies":[{"embeddable":true,"href":"http:\/\/desarrollo.grupomedios.com\/futbol\/wp-json\/wp\/v2\/comments?post=518962"}],"version-history":[{"count":1,"href":"http:\/\/desarrollo.grupomedios.com\/futbol\/wp-json\/wp\/v2\/posts\/518962\/revisions"}],"predecessor-version":[{"id":518964,"href":"http:\/\/desarrollo.grupomedios.com\/futbol\/wp-json\/wp\/v2\/posts\/518962\/revisions\/518964"}],"wp:featuredmedia":[{"embeddable":true,"href":"http:\/\/desarrollo.grupomedios.com\/futbol\/wp-json\/wp\/v2\/media\/518963"}],"wp:attachment":[{"href":"http:\/\/desarrollo.grupomedios.com\/futbol\/wp-json\/wp\/v2\/media?parent=518962"}],"wp:term":[{"taxonomy":"category","embeddable":true,"href":"http:\/\/desarrollo.grupomedios.com\/futbol\/wp-json\/wp\/v2\/categories?post=518962"},{"taxonomy":"post_tag","embeddable":true,"href":"http:\/\/desarrollo.grupomedios.com\/futbol\/wp-json\/wp\/v2\/tags?post=518962"}],"curies":[{"name":"wp","href":"https:\/\/api.w.org\/{rel}","templated":true}]}}