{"id":518968,"date":"2018-02-26T20:02:35","date_gmt":"2018-02-27T02:02:35","guid":{"rendered":"https:\/\/www.futboltotal.com.mx\/?p=518968"},"modified":"2018-02-26T20:02:35","modified_gmt":"2018-02-27T02:02:35","slug":"lewandowski-terminaria-llegar-a-la-premier-league","status":"publish","type":"post","link":"http:\/\/desarrollo.grupomedios.com\/futbol\/futbol-internacional\/lewandowski-terminaria-llegar-a-la-premier-league\/2018\/02","title":{"rendered":"Lewandowski terminar\u00eda por llegar a la Premier League"},"content":{"rendered":"<p>El delantero polaco del <strong>Bayern Munich<\/strong>,\u00a0<strong>Robert Lewandowski,\u00a0<\/strong>no est\u00e1 del todo contento con su presente en el equipo b\u00e1varo, por lo que pesos pesados de Europa ya est\u00e1n tentando al atacante, se ha hablado del<strong> Real Madrid<\/strong> e incluso el <strong>Paris Saint-Germain<\/strong>, pero podr\u00eda ser que un equipo de la<strong> Premier League<\/strong> termine por quedarse con el cotizado jugador.<\/p>\n<p>Apenas la semana anterior se supo que el delantero de Polonia hab\u00eda contratado los servicios de\u00a0<strong>Pini Zahavi,\u00a0<\/strong>un nuevo agente, para que este le busque un equipo nuevo, pues desea salir del Bayern Munich en busca de un s\u00faper contrato, adem\u00e1s de ganar t\u00edtulos en otra liga que no sea la Bundesliga.<\/p>\n<p style=\"text-align: center;\"><a href=\"https:\/\/www.futboltotal.com.mx\/futbol-internacional\/liga-de-francia-futbol-internacional\/neymar-diagnosticado-esguince-estara-ante-real-madrid\/2018\/02\">VER M\u00c1S: Neymar, con un esguince \u00bfestar\u00e1 ante Real Madrid?<\/a><\/p>\n<p>De acuerdo al diario The Sun el Chelsea se ha apuntado de inmediato para llevar al delantero de Polonia a la Premier League, sobre todo la directiva desea alguien de garant\u00edas luego que\u00a0<strong>\u00c1lvaro Morata\u00a0<\/strong>no ha rendido lo que se esperaba y tampoco tienen mucho entusiasmo en el reci\u00e9n llegado\u00a0<strong>Olivier Giroud,\u00a0<\/strong>adem\u00e1s que por la misma raz\u00f3n mandaron cedido al belga\u00a0<strong>Michy Batshuayi\u00a0<\/strong>con el Borussia Dortmund.<\/p>\n<p>El nombre de\u00a0Zahavi est\u00e1 estrechamente ligado al de\u00a0<strong>Roman Abramovich,<\/strong> actual due\u00f1o de los Blues, pues gracias a este agente \u00e9l mismo pudo llegar a\u00a0Stamford Bridge en el ya lejano 2003, de igual forma gracias este agente israel\u00ed llegaron algunos futbolistas al equipo Blue.<\/p>\n<p style=\"text-align: center;\"><a href=\"https:\/\/www.futboltotal.com.mx\/futbol-mexicano\/liga-mx\/paco-anda-esta-en-la-mira-chivas\/2018\/02\">VER M\u00c1S: Paco de Anda est\u00e1 en la mira de Chivas<\/a><\/p>\n<p>&nbsp;<\/p>\n","protected":false},"excerpt":{"rendered":"<p>El atacante polaco ha contratado un nuevo agente para buscar su salida del Bayern Munich<\/p>\n","protected":false},"author":159,"featured_media":515226,"comment_status":"closed","ping_status":"closed","sticky":false,"template":"","format":"standard","meta":[],"categories":[3839,3846],"tags":[2056,5981,334,6038],"_links":{"self":[{"href":"http:\/\/desarrollo.grupomedios.com\/futbol\/wp-json\/wp\/v2\/posts\/518968"}],"collection":[{"href":"http:\/\/desarrollo.grupomedios.com\/futbol\/wp-json\/wp\/v2\/posts"}],"about":[{"href":"http:\/\/desarrollo.grupomedios.com\/futbol\/wp-json\/wp\/v2\/types\/post"}],"author":[{"embeddable":true,"href":"http:\/\/desarrollo.grupomedios.com\/futbol\/wp-json\/wp\/v2\/users\/159"}],"replies":[{"embeddable":true,"href":"http:\/\/desarrollo.grupomedios.com\/futbol\/wp-json\/wp\/v2\/comments?post=518968"}],"version-history":[{"count":1,"href":"http:\/\/desarrollo.grupomedios.com\/futbol\/wp-json\/wp\/v2\/posts\/518968\/revisions"}],"predecessor-version":[{"id":518969,"href":"http:\/\/desarrollo.grupomedios.com\/futbol\/wp-json\/wp\/v2\/posts\/518968\/revisions\/518969"}],"wp:featuredmedia":[{"embeddable":true,"href":"http:\/\/desarrollo.grupomedios.com\/futbol\/wp-json\/wp\/v2\/media\/515226"}],"wp:attachment":[{"href":"http:\/\/desarrollo.grupomedios.com\/futbol\/wp-json\/wp\/v2\/media?parent=518968"}],"wp:term":[{"taxonomy":"category","embeddable":true,"href":"http:\/\/desarrollo.grupomedios.com\/futbol\/wp-json\/wp\/v2\/categories?post=518968"},{"taxonomy":"post_tag","embeddable":true,"href":"http:\/\/desarrollo.grupomedios.com\/futbol\/wp-json\/wp\/v2\/tags?post=518968"}],"curies":[{"name":"wp","href":"https:\/\/api.w.org\/{rel}","templated":true}]}}