{"id":518970,"date":"2018-02-27T08:49:05","date_gmt":"2018-02-27T14:49:05","guid":{"rendered":"https:\/\/www.futboltotal.com.mx\/?p=518970"},"modified":"2018-02-27T09:58:38","modified_gmt":"2018-02-27T15:58:38","slug":"jugadores-pumas-en-polemica-manta-contra-narco","status":"publish","type":"post","link":"http:\/\/desarrollo.grupomedios.com\/futbol\/destacado-home\/jugadores-pumas-en-polemica-manta-contra-narco\/2018\/02","title":{"rendered":"Jugadores de Pumas en pol\u00e9mica por manta contra narco"},"content":{"rendered":"<p>El mensaje realizado por los<strong> Pumas<\/strong> en el duelo ante <strong>Chivas<\/strong> y que apareciera en la pantalla del Estadio Ol\u00edmpico Universitario;\u00a0\u201c\u00a1<strong>Fuera narcos de la UNAM!<\/strong>\u201d, no solo fue causa de pol\u00e9mica entre los aficionados y medios de comunicaci\u00f3n, sino que tambi\u00e9n cimbr\u00f3 las entra\u00f1as del plantel, pues los futbolistas deseaban mantenerse fuera de la situaci\u00f3n.<\/p>\n<p>Luego que la pasada semana ocurriera un tiroteo en las inmediaciones de CU\u00a0entre presuntos\u00a0<strong>narcomenudistas\u00a0<\/strong> y de acuerdo con el diario r\u00e9cord\u00a0<strong>Rodrigo Ares de Parga<\/strong>, presidente del equipo Felino intent\u00f3 que el rector de la Universidad,\u00a0<strong>Enrique Graue,\u00a0<\/strong>apoyara su lucha en contra de la violencia dentro de la instituci\u00f3n.<\/p>\n<p style=\"text-align: center;\"><a href=\"https:\/\/www.futboltotal.com.mx\/futbol-internacional\/liga-de-inglaterra\/dt-tottenham-rogo-a-chicharito-ficharlo\/2018\/02\">VER M\u00c1S: DT de Tottenham \u2018rog\u00f3\u2019 a Chicharito para ficharlo<\/a><\/p>\n<p>De esta forma, el directivo mand\u00f3 a hacer una manta que dec\u00eda\u00a0\u201cFuera narco\u201d y su idea era que el equipo titular saliera al campo con el mensaje, un d\u00eda antes del partido indic\u00f3 la medida al equipo, pero los futbolistas se negaron, quienes habr\u00edan indicado que\u00a0<strong>\u2018No, porque se trataba de un tema delicado y no se expondr\u00edan ni ellos ni sus familias\u2019<\/strong>, es decir por seguridad personal.<\/p>\n<p>El presidente quiso hablar con l\u00edderes del equipo;\u00a0<strong>Mat\u00edas Alustiza, Pablo Barrera, Marcelo D\u00edaz y Abraham Gonz\u00e1lez,\u00a0<\/strong>pero se negaron a hablar y la charla subieron de tono y se escuch\u00f3 hasta afuera del vestidor previo al duelo de Chivas, de esta forma Ares de Parga habr\u00eda advertido a los futbolistas que les quitar\u00eda las primas que se hab\u00edan establecido.<\/p>\n<p style=\"text-align: center;\"><a href=\"https:\/\/www.futboltotal.com.mx\/futbol-internacional\/liga-de-inglaterra\/lewandowski-terminaria-llegar-a-la-premier-league\/2018\/02\">VER M\u00c1S: Lewandowski terminar\u00eda por llegar a la Premier League<\/a><\/p>\n","protected":false},"excerpt":{"rendered":"<p>Los jugadores del cuadro universitario no aceptaron salir a la cancha de esa forma<\/p>\n","protected":false},"author":159,"featured_media":518971,"comment_status":"closed","ping_status":"closed","sticky":false,"template":"","format":"standard","meta":[],"categories":[5,2198,3845],"tags":[9805,9028,64,5627,74,5976],"_links":{"self":[{"href":"http:\/\/desarrollo.grupomedios.com\/futbol\/wp-json\/wp\/v2\/posts\/518970"}],"collection":[{"href":"http:\/\/desarrollo.grupomedios.com\/futbol\/wp-json\/wp\/v2\/posts"}],"about":[{"href":"http:\/\/desarrollo.grupomedios.com\/futbol\/wp-json\/wp\/v2\/types\/post"}],"author":[{"embeddable":true,"href":"http:\/\/desarrollo.grupomedios.com\/futbol\/wp-json\/wp\/v2\/users\/159"}],"replies":[{"embeddable":true,"href":"http:\/\/desarrollo.grupomedios.com\/futbol\/wp-json\/wp\/v2\/comments?post=518970"}],"version-history":[{"count":1,"href":"http:\/\/desarrollo.grupomedios.com\/futbol\/wp-json\/wp\/v2\/posts\/518970\/revisions"}],"predecessor-version":[{"id":518972,"href":"http:\/\/desarrollo.grupomedios.com\/futbol\/wp-json\/wp\/v2\/posts\/518970\/revisions\/518972"}],"wp:featuredmedia":[{"embeddable":true,"href":"http:\/\/desarrollo.grupomedios.com\/futbol\/wp-json\/wp\/v2\/media\/518971"}],"wp:attachment":[{"href":"http:\/\/desarrollo.grupomedios.com\/futbol\/wp-json\/wp\/v2\/media?parent=518970"}],"wp:term":[{"taxonomy":"category","embeddable":true,"href":"http:\/\/desarrollo.grupomedios.com\/futbol\/wp-json\/wp\/v2\/categories?post=518970"},{"taxonomy":"post_tag","embeddable":true,"href":"http:\/\/desarrollo.grupomedios.com\/futbol\/wp-json\/wp\/v2\/tags?post=518970"}],"curies":[{"name":"wp","href":"https:\/\/api.w.org\/{rel}","templated":true}]}}