{"id":518973,"date":"2018-02-27T09:12:12","date_gmt":"2018-02-27T15:12:12","guid":{"rendered":"https:\/\/www.futboltotal.com.mx\/?p=518973"},"modified":"2018-02-27T09:12:12","modified_gmt":"2018-02-27T15:12:12","slug":"chivas-en-crisis-jorge-vergara-pide-prestamo-bancario","status":"publish","type":"post","link":"http:\/\/desarrollo.grupomedios.com\/futbol\/futbol-mexicano\/chivas-en-crisis-jorge-vergara-pide-prestamo-bancario\/2018\/02","title":{"rendered":"Chivas en crisis, Jorge Vergara pide pr\u00e9stamo bancario"},"content":{"rendered":"<p>La crisis econ\u00f3mica ha llegado a<strong> Chivas<\/strong>, en espec\u00edfico al presidente del club,\u00a0<strong>Jorge Vergara\u00a0<\/strong>pues el empresario habr\u00eda solicitado un pr\u00e9stamo bancario cercano a los\u00a0<strong>2 mil 850 millones de pesos<\/strong>, adem\u00e1s que habr\u00eda tenido que poner como garant\u00eda la\u00a0marca\u00a0<strong>Chivas\u00a0<\/strong>y el\u00a0<strong>Estadio Akron<\/strong>.<\/p>\n<p>De acuerdo a una columna publicada en El Heraldo de M\u00e9xico, el especialista en finanzas,\u00a0<strong>Alberto Aguilar,\u00a0<\/strong>indic\u00f3 que Bancomer ya tendr\u00eda todo listo para otorgarle el pr\u00e9stamo al propietario de las Chivas de Guadalajara , aunque todav\u00eda no han podido entregar el dinero.<\/p>\n<p style=\"text-align: center;\"><a href=\"https:\/\/www.futboltotal.com.mx\/futbol-mexicano\/liga-mx\/jugadores-pumas-en-polemica-manta-contra-narco\/2018\/02\">VER M\u00c1S: Jugadores de Pumas en pol\u00e9mica por manta contra narco<\/a><\/p>\n<div class=\"field field-name-body field-type-text-with-summary field-label-hidden txt_nota\">\n<div class=\"field-items\">\n<div class=\"field-item even\">\n<p>&#8220;El problema es la valuaci\u00f3n de los terrenos que quedaron en garant\u00eda junto con el estadio y la marca Chivas. La operaci\u00f3n es por 2 mil 850 mdp y la tasa del empr\u00e9stito a 5 a\u00f1os se sit\u00faa en 7.5 por ciento&#8221;, expres\u00f3 el experto. Los problemas del empresario se habr\u00edan acentuado luego de la separaci\u00f3n con su hoy ex esposa\u00a0<strong>Ang\u00e9lica Fuentes,\u00a0<\/strong>por lo que este dinero ser\u00eda ocupado para saldar algunas deudas y poner punto final a su v\u00ednculo con la ex pareja.<\/p>\n<p>En los \u00faltimos meses se pudo ver los problemas econ\u00f3micos por los que atraviesa el equipo, pues no hicieron una inversi\u00f3n importante para contratar futbolistas, adem\u00e1s del cambio en el nombre del estadio y la capital a trav\u00e9s de los nuevos patrocinadores que se anunciar\u00e1n en verano.<\/p>\n<p style=\"text-align: center;\"><a href=\"https:\/\/www.futboltotal.com.mx\/futbol-internacional\/liga-de-inglaterra\/lewandowski-terminaria-llegar-a-la-premier-league\/2018\/02\">VER M\u00c1S: Lewandowski terminar\u00eda por llegar a la Premier League<\/a><\/p>\n<\/div>\n<\/div>\n<\/div>\n","protected":false},"excerpt":{"rendered":"<p>El empresario ha hecho m\u00e1s evidente los problemas econ\u00f3micos por los que pasa el club <\/p>\n","protected":false},"author":159,"featured_media":512708,"comment_status":"closed","ping_status":"closed","sticky":false,"template":"","format":"standard","meta":[],"categories":[2198,3845],"tags":[70,9028,243,64],"_links":{"self":[{"href":"http:\/\/desarrollo.grupomedios.com\/futbol\/wp-json\/wp\/v2\/posts\/518973"}],"collection":[{"href":"http:\/\/desarrollo.grupomedios.com\/futbol\/wp-json\/wp\/v2\/posts"}],"about":[{"href":"http:\/\/desarrollo.grupomedios.com\/futbol\/wp-json\/wp\/v2\/types\/post"}],"author":[{"embeddable":true,"href":"http:\/\/desarrollo.grupomedios.com\/futbol\/wp-json\/wp\/v2\/users\/159"}],"replies":[{"embeddable":true,"href":"http:\/\/desarrollo.grupomedios.com\/futbol\/wp-json\/wp\/v2\/comments?post=518973"}],"version-history":[{"count":1,"href":"http:\/\/desarrollo.grupomedios.com\/futbol\/wp-json\/wp\/v2\/posts\/518973\/revisions"}],"predecessor-version":[{"id":518974,"href":"http:\/\/desarrollo.grupomedios.com\/futbol\/wp-json\/wp\/v2\/posts\/518973\/revisions\/518974"}],"wp:featuredmedia":[{"embeddable":true,"href":"http:\/\/desarrollo.grupomedios.com\/futbol\/wp-json\/wp\/v2\/media\/512708"}],"wp:attachment":[{"href":"http:\/\/desarrollo.grupomedios.com\/futbol\/wp-json\/wp\/v2\/media?parent=518973"}],"wp:term":[{"taxonomy":"category","embeddable":true,"href":"http:\/\/desarrollo.grupomedios.com\/futbol\/wp-json\/wp\/v2\/categories?post=518973"},{"taxonomy":"post_tag","embeddable":true,"href":"http:\/\/desarrollo.grupomedios.com\/futbol\/wp-json\/wp\/v2\/tags?post=518973"}],"curies":[{"name":"wp","href":"https:\/\/api.w.org\/{rel}","templated":true}]}}