{"id":518981,"date":"2018-02-27T09:56:11","date_gmt":"2018-02-27T15:56:11","guid":{"rendered":"https:\/\/www.futboltotal.com.mx\/?p=518981"},"modified":"2018-02-27T09:56:11","modified_gmt":"2018-02-27T15:56:11","slug":"usain-bolt-anuncia-equipo-jugara-en-inglaterra","status":"publish","type":"post","link":"http:\/\/desarrollo.grupomedios.com\/futbol\/futbol-internacional\/usain-bolt-anuncia-equipo-jugara-en-inglaterra\/2018\/02","title":{"rendered":"Usain Bolt anuncia su equipo y jugar\u00e1 en Inglaterra"},"content":{"rendered":"<p>El ex atleta jamaiquino multimedallista en <strong>Juegos Ol\u00edmpicos, Usain<\/strong> Bolt ha anunciado oficialmente en equipo con el que jugar\u00e1, luego que lo anunciara a trav\u00e9s de sus redes sociales, se trata del\u00a0<strong>Soccer Aid World XI,\u00a0<\/strong>en algo que ha desilusionado a varios seguidores que esperaban ver al hombre m\u00e1s r\u00e1pido del planeta en un equipo como profesional.<\/p>\n<p>Bolt solo participar\u00e1 dentro de un partido organizado por UNICEF, en donde se enfrentar\u00e1 al\u00a0<strong>England Aid,\u00a0<\/strong>quien tendr\u00e1 como capit\u00e1n al famoso cantante\u00a0<strong>Robbie Williams,\u00a0<\/strong>para un juego a beneficio de la infancia en los pa\u00edses en desarrollo, todo esto dentro del marco que denomina la campa\u00f1a como\u00a0<strong>Soccer Aid.<\/strong><\/p>\n<p style=\"text-align: center;\"><a href=\"https:\/\/www.futboltotal.com.mx\/futbol-mexicano\/liga-mx\/jugadores-pumas-en-polemica-manta-contra-narco\/2018\/02\">VER M\u00c1S: Jugadores de Pumas en pol\u00e9mica por manta contra narco<\/a><\/p>\n<blockquote class=\"twitter-tweet\" data-data-dnt=\"true\">\n<p lang=\"en\" dir=\"ltr\">Excited to announce that I will be playing in <a href=\"https:\/\/twitter.com\/socceraid?ref_src=twsrc%5Etfw\">@socceraid<\/a> for <a href=\"https:\/\/twitter.com\/UNICEF_uk?ref_src=twsrc%5Etfw\">@UNICEF_uk<\/a>   2018 at Old Trafford on Sunday 10th June. Make sure you&#39;re ready <a href=\"https:\/\/twitter.com\/robbiewilliams?ref_src=twsrc%5Etfw\">@robbiewilliams<\/a>! \u26bd\ufe0f\ud83c\udf0d <a href=\"https:\/\/t.co\/t2sDB1iLP8\">pic.twitter.com\/t2sDB1iLP8<\/a><\/p>\n<p>&mdash; Usain St. Leo Bolt (@usainbolt) <a href=\"https:\/\/twitter.com\/usainbolt\/status\/968395228855062529?ref_src=twsrc%5Etfw\">February 27, 2018<\/a><\/p><\/blockquote>\n<p><script async src=\"https:\/\/platform.twitter.com\/widgets.js\" charset=\"utf-8\"><\/script><\/p>\n<p>En este encuentro se enfrentan todo tipo de celebridades alrededor del mundo, algunas de ellas son del medio art\u00edstico otras est\u00e1n estrechamente ligadas al futbol, por lo que este tipo de duelos se tornan en un aut\u00e9ntico espect\u00e1culo. El duelo se llevar\u00e1 a cabo el pr\u00f3ximo 10 de junio en el estadio Old Trafford, casa del Manchester United.<\/p>\n<blockquote class=\"twitter-tweet\" data-data-dnt=\"true\">\n<p lang=\"en\" dir=\"ltr\">This is how you do it <a href=\"https:\/\/twitter.com\/robbiewilliams?ref_src=twsrc%5Etfw\">@robbiewilliams<\/a>. You will be seeing a lot more of that on match day! Get your <a href=\"https:\/\/twitter.com\/socceraid?ref_src=twsrc%5Etfw\">@socceraid<\/a> tickets now at <a href=\"https:\/\/t.co\/NM0BUFFgzj\">https:\/\/t.co\/NM0BUFFgzj<\/a> or call 0161 444 2018 <a href=\"https:\/\/twitter.com\/hashtag\/socceraid?src=hash&amp;ref_src=twsrc%5Etfw\">#socceraid<\/a> \u26a1 \ud83d\ude09 <a href=\"https:\/\/t.co\/G9R7KrHml0\">pic.twitter.com\/G9R7KrHml0<\/a><\/p>\n<p>&mdash; Usain St. Leo Bolt (@usainbolt) <a href=\"https:\/\/twitter.com\/usainbolt\/status\/968502560335294464?ref_src=twsrc%5Etfw\">February 27, 2018<\/a><\/p><\/blockquote>\n<p><script async src=\"https:\/\/platform.twitter.com\/widgets.js\" charset=\"utf-8\"><\/script><\/p>\n<p style=\"text-align: center;\"><a href=\"https:\/\/www.futboltotal.com.mx\/futbol-internacional\/champions-league\/unai-emery-descarta-neymar-juegue-vs-real-madrid\/2018\/02\">VER M\u00c1S: Unai Emery no descarta que Neymar juegue vs Real Madrid<\/a><\/p>\n","protected":false},"excerpt":{"rendered":"<p>El ex atleta de Jamaica tendr\u00e1 la oportunidad de mostrarse dentro del futbol <\/p>\n","protected":false},"author":159,"featured_media":505599,"comment_status":"closed","ping_status":"closed","sticky":false,"template":"","format":"standard","meta":[],"categories":[3839],"tags":[3120,11897,2756,1793],"_links":{"self":[{"href":"http:\/\/desarrollo.grupomedios.com\/futbol\/wp-json\/wp\/v2\/posts\/518981"}],"collection":[{"href":"http:\/\/desarrollo.grupomedios.com\/futbol\/wp-json\/wp\/v2\/posts"}],"about":[{"href":"http:\/\/desarrollo.grupomedios.com\/futbol\/wp-json\/wp\/v2\/types\/post"}],"author":[{"embeddable":true,"href":"http:\/\/desarrollo.grupomedios.com\/futbol\/wp-json\/wp\/v2\/users\/159"}],"replies":[{"embeddable":true,"href":"http:\/\/desarrollo.grupomedios.com\/futbol\/wp-json\/wp\/v2\/comments?post=518981"}],"version-history":[{"count":1,"href":"http:\/\/desarrollo.grupomedios.com\/futbol\/wp-json\/wp\/v2\/posts\/518981\/revisions"}],"predecessor-version":[{"id":518982,"href":"http:\/\/desarrollo.grupomedios.com\/futbol\/wp-json\/wp\/v2\/posts\/518981\/revisions\/518982"}],"wp:featuredmedia":[{"embeddable":true,"href":"http:\/\/desarrollo.grupomedios.com\/futbol\/wp-json\/wp\/v2\/media\/505599"}],"wp:attachment":[{"href":"http:\/\/desarrollo.grupomedios.com\/futbol\/wp-json\/wp\/v2\/media?parent=518981"}],"wp:term":[{"taxonomy":"category","embeddable":true,"href":"http:\/\/desarrollo.grupomedios.com\/futbol\/wp-json\/wp\/v2\/categories?post=518981"},{"taxonomy":"post_tag","embeddable":true,"href":"http:\/\/desarrollo.grupomedios.com\/futbol\/wp-json\/wp\/v2\/tags?post=518981"}],"curies":[{"name":"wp","href":"https:\/\/api.w.org\/{rel}","templated":true}]}}