{"id":518983,"date":"2018-02-27T11:55:03","date_gmt":"2018-02-27T17:55:03","guid":{"rendered":"https:\/\/www.futboltotal.com.mx\/?p=518983"},"modified":"2018-02-27T11:55:03","modified_gmt":"2018-02-27T17:55:03","slug":"rector-la-unam-narcos-la-unam-lo-mande-poner","status":"publish","type":"post","link":"http:\/\/desarrollo.grupomedios.com\/futbol\/futbol-mexicano\/rector-la-unam-narcos-la-unam-lo-mande-poner\/2018\/02","title":{"rendered":"Rector de la UNAM: &#8220;El &#8216;Fuera narcos de la UNAM&#8217; lo mand\u00e9 poner yo&#8221;"},"content":{"rendered":"<p>El rector de la<strong> UNAM, Enrique Graue,<\/strong> <mark>reconoci\u00f3 que fue \u00e9l quien dio la instrucci\u00f3n de colocar en la pantalla gigante del estadio Ol\u00edmpico de Ciudad Universitaria la frase <strong><em>&#8220;Fuera Narcos de la UNAM&#8221;,<\/em><\/strong><\/mark> el domingo durante el partido <strong>Pumas<\/strong> contra <strong>Chivas.<\/strong><\/p>\n<p><em>&#8220;Me deslindo de haberme deslindado porque no fue instrucci\u00f3n de la Rector\u00eda de ninguna forma. De hecho, el letrero lo mandamos poner nosotros. Hoy inicia una campa\u00f1a en ese sentido. No los queremos dentro<\/em> [a los narcos]\u00a0<em>y los j\u00f3venes deben de entender que el contacto es un riesgo con ellos&#8221;,<\/em> declar\u00f3.<\/p>\n<p>Esto, seg\u00fan el catedr\u00e1tico, <mark>lo hizo como una medida para alertar a la comunidad universitaria del riesgo de tener en las instalaciones de la m\u00e1xima casa de estudios venta de drogas;<\/mark> y m\u00e1s que nada de hechos como el ocurrido el viernes pasado, donde dos presuntos narcomenudistas murieron luego de una balacera. Y adelant\u00f3 que se emprender\u00e1n acciones para alertar a los estudiantes ante la eventual presencia de narcos.<\/p>\n<p><strong>Enrique Graue<\/strong> afirm\u00f3 tambi\u00e9n que el Estado tiene la obligaci\u00f3n de garantizar la seguridad, la justicia y el respeto a los derechos humanos de los ciudadanos, pues esta es la \u00fanica forma de convivir en paz. Acompa\u00f1ado del presidente de la Comisi\u00f3n Nacional de los Derechos Humanos, <strong>Luis Ra\u00fal Gonz\u00e1lez,<\/strong> indic\u00f3 que el Estado est\u00e1 en deuda con los ciudadanos que a\u00f1oramos la seguridad y respeto.<\/p>\n<p><img decoding=\"async\" loading=\"lazy\" class=\"wp-image-518988 aligncenter\" src=\"https:\/\/www.futboltotal.com.mx\/wp-content\/uploads\/2018\/02\/UNAM1.jpg\" alt=\"Rector de la UNAM: &#8220;El &#8216;Fuera narcos de la UNAM&#8217; lo mand\u00e9 poner yo&#8221; 0\" srcset=\"http:\/\/desarrollo.grupomedios.com\/futbol\/wp-content\/uploads\/2018\/02\/UNAM1.jpg 1000w, http:\/\/desarrollo.grupomedios.com\/futbol\/wp-content\/uploads\/2018\/02\/UNAM1-300x169.jpg 300w, http:\/\/desarrollo.grupomedios.com\/futbol\/wp-content\/uploads\/2018\/02\/UNAM1-768x432.jpg 768w, http:\/\/desarrollo.grupomedios.com\/futbol\/wp-content\/uploads\/2018\/02\/UNAM1-393x221.jpg 393w\" sizes=\"(max-width: 824px) 100vw, 824px\" \/><\/p>\n","protected":false},"excerpt":{"rendered":"<p>Enrique Graue finalmente confes\u00f3 que el letrero lo mand\u00f3 poner \u00e9l.<\/p>\n","protected":false},"author":165,"featured_media":518989,"comment_status":"closed","ping_status":"closed","sticky":false,"template":"","format":"standard","meta":[],"categories":[2198,3845],"tags":[2568,1316,11898,10787,5627,11900,9908,74,11899,5976],"_links":{"self":[{"href":"http:\/\/desarrollo.grupomedios.com\/futbol\/wp-json\/wp\/v2\/posts\/518983"}],"collection":[{"href":"http:\/\/desarrollo.grupomedios.com\/futbol\/wp-json\/wp\/v2\/posts"}],"about":[{"href":"http:\/\/desarrollo.grupomedios.com\/futbol\/wp-json\/wp\/v2\/types\/post"}],"author":[{"embeddable":true,"href":"http:\/\/desarrollo.grupomedios.com\/futbol\/wp-json\/wp\/v2\/users\/165"}],"replies":[{"embeddable":true,"href":"http:\/\/desarrollo.grupomedios.com\/futbol\/wp-json\/wp\/v2\/comments?post=518983"}],"version-history":[{"count":1,"href":"http:\/\/desarrollo.grupomedios.com\/futbol\/wp-json\/wp\/v2\/posts\/518983\/revisions"}],"predecessor-version":[{"id":518991,"href":"http:\/\/desarrollo.grupomedios.com\/futbol\/wp-json\/wp\/v2\/posts\/518983\/revisions\/518991"}],"wp:featuredmedia":[{"embeddable":true,"href":"http:\/\/desarrollo.grupomedios.com\/futbol\/wp-json\/wp\/v2\/media\/518989"}],"wp:attachment":[{"href":"http:\/\/desarrollo.grupomedios.com\/futbol\/wp-json\/wp\/v2\/media?parent=518983"}],"wp:term":[{"taxonomy":"category","embeddable":true,"href":"http:\/\/desarrollo.grupomedios.com\/futbol\/wp-json\/wp\/v2\/categories?post=518983"},{"taxonomy":"post_tag","embeddable":true,"href":"http:\/\/desarrollo.grupomedios.com\/futbol\/wp-json\/wp\/v2\/tags?post=518983"}],"curies":[{"name":"wp","href":"https:\/\/api.w.org\/{rel}","templated":true}]}}