{"id":519025,"date":"2018-02-26T18:58:23","date_gmt":"2018-02-27T00:58:23","guid":{"rendered":"https:\/\/www.futboltotal.com.mx\/?p=519025"},"modified":"2018-02-27T21:22:56","modified_gmt":"2018-02-28T03:22:56","slug":"veracruz-vs-atlas-copa-mx-clausura-2018-en-vivo-minuto-a-minuto","status":"publish","type":"post","link":"http:\/\/desarrollo.grupomedios.com\/futbol\/futbol-mexicano\/veracruz-vs-atlas-copa-mx-clausura-2018-en-vivo-minuto-a-minuto\/2018\/02","title":{"rendered":"Veracruz vs Atlas | Copa MX Clausura 2018 | EN VIVO: Minuto a minuto"},"content":{"rendered":"<p>Los <strong>Tiburones Rojos del Veracruz<\/strong> reciben la visita de los <strong>Rojinegros del Atlas<\/strong> en el juego que abre la \u00faltima jornada de la fase de grupos de la <strong>Copa MX<\/strong>.<\/p>\n<iframe src=\"https:\/\/en-vivo.futboltotal.com.mx\/embed.php\/?id=612\" width=\"100%\" id=\"frame_minuto\"><\/iframe>\n<p><strong>Veracruz<\/strong> tiene una oportunidad de oro para darle una peque\u00f1a alegr\u00eda a la gente del puerto jarocho, ya que si gana estar\u00e1 meti\u00e9ndose a los octavos de final de la Copa.<\/p>\n<p>Misma situaci\u00f3n vivir\u00e1 el <strong>Atlas<\/strong>, ya que si da el golpe en el Luis &#8216;Pirata&#8217; Fuente estar\u00eda casi asegurando un puesto, en espera de c\u00f3mo quede su diferencia de goles.<\/p>\n<p><strong>\u00a1NO TE PIERDAS EL MINUTO A MINUTO DEL VERACRUZ VS ATLAS EN PUNTO DE LAS 19:00 HORAS!<\/strong><\/p>\n","protected":false},"excerpt":{"rendered":"<p>Tiburones o Rojinegros, por un puesto a los octavos de Final<\/p>\n","protected":false},"author":160,"featured_media":519026,"comment_status":"closed","ping_status":"closed","sticky":false,"template":"","format":"standard","meta":[],"categories":[4247,2198,3845],"tags":[5961,285,6049],"_links":{"self":[{"href":"http:\/\/desarrollo.grupomedios.com\/futbol\/wp-json\/wp\/v2\/posts\/519025"}],"collection":[{"href":"http:\/\/desarrollo.grupomedios.com\/futbol\/wp-json\/wp\/v2\/posts"}],"about":[{"href":"http:\/\/desarrollo.grupomedios.com\/futbol\/wp-json\/wp\/v2\/types\/post"}],"author":[{"embeddable":true,"href":"http:\/\/desarrollo.grupomedios.com\/futbol\/wp-json\/wp\/v2\/users\/160"}],"replies":[{"embeddable":true,"href":"http:\/\/desarrollo.grupomedios.com\/futbol\/wp-json\/wp\/v2\/comments?post=519025"}],"version-history":[{"count":1,"href":"http:\/\/desarrollo.grupomedios.com\/futbol\/wp-json\/wp\/v2\/posts\/519025\/revisions"}],"predecessor-version":[{"id":519027,"href":"http:\/\/desarrollo.grupomedios.com\/futbol\/wp-json\/wp\/v2\/posts\/519025\/revisions\/519027"}],"wp:featuredmedia":[{"embeddable":true,"href":"http:\/\/desarrollo.grupomedios.com\/futbol\/wp-json\/wp\/v2\/media\/519026"}],"wp:attachment":[{"href":"http:\/\/desarrollo.grupomedios.com\/futbol\/wp-json\/wp\/v2\/media?parent=519025"}],"wp:term":[{"taxonomy":"category","embeddable":true,"href":"http:\/\/desarrollo.grupomedios.com\/futbol\/wp-json\/wp\/v2\/categories?post=519025"},{"taxonomy":"post_tag","embeddable":true,"href":"http:\/\/desarrollo.grupomedios.com\/futbol\/wp-json\/wp\/v2\/tags?post=519025"}],"curies":[{"name":"wp","href":"https:\/\/api.w.org\/{rel}","templated":true}]}}