{"id":519039,"date":"2018-02-27T16:17:58","date_gmt":"2018-02-27T22:17:58","guid":{"rendered":"https:\/\/www.futboltotal.com.mx\/?p=519039"},"modified":"2018-02-27T16:38:54","modified_gmt":"2018-02-27T22:38:54","slug":"fc-barcelona-robara-jugador-a-tottenham-hotspur","status":"publish","type":"post","link":"http:\/\/desarrollo.grupomedios.com\/futbol\/futbol-internacional\/fc-barcelona-robara-jugador-a-tottenham-hotspur\/2018\/02","title":{"rendered":"FC Barcelona &#8216;robar\u00e1&#8217; jugador al Tottenham Hotspur"},"content":{"rendered":"<p>El cuadro del<strong> FC Barcelona<\/strong> contin\u00faa pensando en la temporada 2018-2019, pues de acuerdo a la prensa europea el equipo espa\u00f1ol ya tiene en la mira un nombre para reforzar su zaga central, a pesar que acaba de fichar este invierno al colombiano <strong>Yerry Mina,<\/strong> pues desean una de las figuras de la <strong>Premier League<\/strong>, luego de robarle al Liverpool a <strong>Philippe Coutinho<\/strong>, de igual forma pensando en que es posible que <strong>Umtiti<\/strong> no siga en el club.<\/p>\n<p dir=\"ltr\">De acuerdo con el diario\u00a0The Independent, el defensor de B\u00e9lgica,\u00a0<strong>Toby Alderweireld\u00a0<\/strong>estar\u00eda pasando al equipo de LaLiga, pues desde hace unos meses es seguido por el equipo catal\u00e1n y quien ser\u00eda un elemento en lo accesible pues su contrato termina en verano y tiene una cl\u00e1usula de 28 millones de euros.<\/p>\n<p dir=\"ltr\" style=\"text-align: center;\"><a href=\"https:\/\/www.futboltotal.com.mx\/futbol-mexicano\/liga-mx\/corte-caja-clausura-2018-la-decepcion-cruz-azul\/2018\/02\">VER M\u00c1S: Corte de caja Clausura 2018; La decepci\u00f3n \u2018Cruz Azul\u2019<\/a><\/p>\n<p dir=\"ltr\">La renovaci\u00f3n entre el jugador y los Spurs por lo que se convertir\u00eda en defensa blaugrana posterior a la Copa del Mundo de Rusia 2018, pero los catalanes deber\u00e1n desprenderse de uno de los centrales que tiene en su n\u00f3mina, est\u00e1n a la espera de la posible marcha del franc\u00e9s Umtiti o una venta del tambi\u00e9n belga\u00a0<strong>Vermaelen.<\/strong><\/p>\n<p dir=\"ltr\">El central de 28 a\u00f1os y ya tuvo una breve experiencia en Espa\u00f1a con el <strong>Atl\u00e9tico de Madrid,<\/strong> quien lo compr\u00f3\u00a0por 16 millones de euros en 2013-2014, para posteriormente pasar al <strong>Soputhampton<\/strong> y en la actualidad ya tiene tres temporadas vistiendo la el\u00e1stica de los Spurs.<\/p>\n<div id=\"Videoinread\" class=\"mol-bl-add mol-bl-add--videoinread\" style=\"text-align: center;\" data-google-query-id=\"CNeCupKJx9kCFUa5TwodI_ACSA\">\u00a0<a href=\"https:\/\/www.futboltotal.com.mx\/futbol-internacional\/champions-league\/champions-league-tendra-cambios-en-formato\/2018\/02\">VER M\u00c1S: Champions League tendr\u00e1 cambios en su formato<\/a><\/div>\n","protected":false},"excerpt":{"rendered":"<p>El cuadro catal\u00e1n contin\u00faa pensando en el futuro y ya est\u00e1 preparando la temporada 2018-2019<\/p>\n","protected":false},"author":159,"featured_media":519049,"comment_status":"closed","ping_status":"closed","sticky":false,"template":"","format":"standard","meta":[],"categories":[3839,3844],"tags":[1083,6114,10852,7017],"_links":{"self":[{"href":"http:\/\/desarrollo.grupomedios.com\/futbol\/wp-json\/wp\/v2\/posts\/519039"}],"collection":[{"href":"http:\/\/desarrollo.grupomedios.com\/futbol\/wp-json\/wp\/v2\/posts"}],"about":[{"href":"http:\/\/desarrollo.grupomedios.com\/futbol\/wp-json\/wp\/v2\/types\/post"}],"author":[{"embeddable":true,"href":"http:\/\/desarrollo.grupomedios.com\/futbol\/wp-json\/wp\/v2\/users\/159"}],"replies":[{"embeddable":true,"href":"http:\/\/desarrollo.grupomedios.com\/futbol\/wp-json\/wp\/v2\/comments?post=519039"}],"version-history":[{"count":3,"href":"http:\/\/desarrollo.grupomedios.com\/futbol\/wp-json\/wp\/v2\/posts\/519039\/revisions"}],"predecessor-version":[{"id":519052,"href":"http:\/\/desarrollo.grupomedios.com\/futbol\/wp-json\/wp\/v2\/posts\/519039\/revisions\/519052"}],"wp:featuredmedia":[{"embeddable":true,"href":"http:\/\/desarrollo.grupomedios.com\/futbol\/wp-json\/wp\/v2\/media\/519049"}],"wp:attachment":[{"href":"http:\/\/desarrollo.grupomedios.com\/futbol\/wp-json\/wp\/v2\/media?parent=519039"}],"wp:term":[{"taxonomy":"category","embeddable":true,"href":"http:\/\/desarrollo.grupomedios.com\/futbol\/wp-json\/wp\/v2\/categories?post=519039"},{"taxonomy":"post_tag","embeddable":true,"href":"http:\/\/desarrollo.grupomedios.com\/futbol\/wp-json\/wp\/v2\/tags?post=519039"}],"curies":[{"name":"wp","href":"https:\/\/api.w.org\/{rel}","templated":true}]}}