{"id":519064,"date":"2018-02-27T18:16:31","date_gmt":"2018-02-28T00:16:31","guid":{"rendered":"https:\/\/www.futboltotal.com.mx\/?p=519064"},"modified":"2018-02-27T18:16:31","modified_gmt":"2018-02-28T00:16:31","slug":"neymar-seis-a-ocho-semanas-baja-confirma-padre","status":"publish","type":"post","link":"http:\/\/desarrollo.grupomedios.com\/futbol\/futbol-internacional\/neymar-seis-a-ocho-semanas-baja-confirma-padre\/2018\/02","title":{"rendered":"Neymar, seis a ocho semanas de baja, confirma su padre"},"content":{"rendered":"<p>Neymar da Silva, padre de <strong>Neymar Jr<\/strong>., afirm\u00f3 hoy que el delantero del <strong>Par\u00eds Saint-Germain<\/strong> estar\u00e1 entre seis y ocho semanas de baja y que a\u00fan se eval\u00faa la posibilidad de que pase por una cirug\u00eda por la fisura que sufre en el quinto metatarsiano del pie derecho.<\/p>\n<p>&#8220;El PSG ya sabe que no va a contar con Neymar en los pr\u00f3ximos partidos (&#8230;) El tratamiento va a durar entre seis y ocho semanas, independientemente de si es quir\u00fargico o no. Si es convencional, tambi\u00e9n va a demorar entre seis y ocho semanas&#8221;, dijo <strong>Neymar da Silva<\/strong> en declaraciones a &#8216;ESPN Brasil&#8217;.<\/p>\n<p>El conjunto galo inform\u00f3 este lunes que su m\u00e1xima estrella sufre un esguince en el tobillo derecho y una fisura asociada en el quinto metatarsiano del pie, lesiones que se produjo el pasado domingo ante el <strong>Olympique de Marsella<\/strong>.<\/p>\n<p style=\"text-align: center;\"><span style=\"color: #333399;\"><a href=\"https:\/\/www.futboltotal.com.mx\/futbol-internacional\/lo-mereciamos-una-derrota-duele-zinedine-zidane\/2018\/02\">VER M\u00c1S &#8211;\u00a0<span class=\"item-title\">\u201cNo lo merec\u00edamos y es una derrota que duele\u201d: Zinedine Zidane<\/span><\/a><\/span><\/p>\n<p>En las \u00faltimas horas se han sucedido las informaciones sobre la posibilidad de que Neymar dispute el partido de vuelta de octavos de final de la <strong>Liga de Campeones frente al Real Madrid<\/strong>, previsto para el pr\u00f3ximo 6 de marzo en Par\u00eds.<\/p>\n<p>El propio t\u00e9cnico del PSG, <strong>Unai Emery<\/strong>, lleg\u00f3 a afirmar hoy que no descarta la presencia del brasile\u00f1o en ese decisivo duelo, si bien reconoci\u00f3 que &#8220;no ser\u00e1 f\u00e1cil&#8221;.<\/p>\n<p>Tambi\u00e9n desminti\u00f3 que el ex jugador del <strong>Barcelona y Santos<\/strong> vaya a pasar por el quir\u00f3fano para corregir la fisura, una posibilidad que el padre del futbolista admiti\u00f3 en un primer momento y luego matiz\u00f3 diciendo que se est\u00e1 estudiando.<\/p>\n<p style=\"text-align: center;\"><span style=\"color: #333399;\"><a href=\"https:\/\/www.futboltotal.com.mx\/futbol-internacional\/fc-barcelona-robara-jugador-a-tottenham-hotspur\/2018\/02\">VER M\u00c1S:\u00a0<span class=\"item-title\">FC Barcelona \u2018robar\u00e1\u2019 jugador al Tottenham Hotspur<\/span><\/a><\/span><\/p>\n<p><mark>&#8220;En el caso de Neymar ya es un procedimiento quir\u00fargico, pues la recuperaci\u00f3n es m\u00e1s r\u00e1pida (&#8230;). No podemos esperar. Estamos esperando al PSG a que resuelva la forma, el lugar, pero no es una decisi\u00f3n de Neymar, que quede claro. Las personas tienen una impresi\u00f3n equivocada, cometen errores y hablan cosas que no saben&#8221;<\/mark>, subray\u00f3 Neymar da Silva.<\/p>\n<p>Y complet\u00f3 en la secuencia: &#8220;<strong>No es una decisi\u00f3n suya. \u00c9l no es m\u00e9dico, yo tampoco.<\/strong> Tenemos que esperar la decisi\u00f3n del club. El PSG est\u00e1 esperando el momento adecuado, est\u00e1 esperado la llegada del m\u00e9dico de la selecci\u00f3n (Rodrigo Lasmar) para tomar esa decisi\u00f3n juntos. Ma\u00f1ana (mi\u00e9rcoles) van a reunirse y decidir. No es Neymar el que va a decidir&#8221;.<\/p>\n","protected":false},"excerpt":{"rendered":"<p>El brasile\u00f1o no estar\u00e1 en la vuelta de los octavos contra el Real Madrid<\/p>\n","protected":false},"author":160,"featured_media":519065,"comment_status":"closed","ping_status":"closed","sticky":false,"template":"","format":"standard","meta":[],"categories":[3841,3839,9609],"tags":[36,6001,114,5988],"_links":{"self":[{"href":"http:\/\/desarrollo.grupomedios.com\/futbol\/wp-json\/wp\/v2\/posts\/519064"}],"collection":[{"href":"http:\/\/desarrollo.grupomedios.com\/futbol\/wp-json\/wp\/v2\/posts"}],"about":[{"href":"http:\/\/desarrollo.grupomedios.com\/futbol\/wp-json\/wp\/v2\/types\/post"}],"author":[{"embeddable":true,"href":"http:\/\/desarrollo.grupomedios.com\/futbol\/wp-json\/wp\/v2\/users\/160"}],"replies":[{"embeddable":true,"href":"http:\/\/desarrollo.grupomedios.com\/futbol\/wp-json\/wp\/v2\/comments?post=519064"}],"version-history":[{"count":1,"href":"http:\/\/desarrollo.grupomedios.com\/futbol\/wp-json\/wp\/v2\/posts\/519064\/revisions"}],"predecessor-version":[{"id":519066,"href":"http:\/\/desarrollo.grupomedios.com\/futbol\/wp-json\/wp\/v2\/posts\/519064\/revisions\/519066"}],"wp:featuredmedia":[{"embeddable":true,"href":"http:\/\/desarrollo.grupomedios.com\/futbol\/wp-json\/wp\/v2\/media\/519065"}],"wp:attachment":[{"href":"http:\/\/desarrollo.grupomedios.com\/futbol\/wp-json\/wp\/v2\/media?parent=519064"}],"wp:term":[{"taxonomy":"category","embeddable":true,"href":"http:\/\/desarrollo.grupomedios.com\/futbol\/wp-json\/wp\/v2\/categories?post=519064"},{"taxonomy":"post_tag","embeddable":true,"href":"http:\/\/desarrollo.grupomedios.com\/futbol\/wp-json\/wp\/v2\/tags?post=519064"}],"curies":[{"name":"wp","href":"https:\/\/api.w.org\/{rel}","templated":true}]}}