{"id":519073,"date":"2018-02-28T08:38:12","date_gmt":"2018-02-28T14:38:12","guid":{"rendered":"https:\/\/www.futboltotal.com.mx\/?p=519073"},"modified":"2018-02-28T08:42:19","modified_gmt":"2018-02-28T14:42:19","slug":"corte-de-caja-clausura-2018-el-11-ideal","status":"publish","type":"post","link":"http:\/\/desarrollo.grupomedios.com\/futbol\/destacado-home\/corte-de-caja-clausura-2018-el-11-ideal\/2018\/02","title":{"rendered":"Corte de Caja Clausura 2018; el 11 Ideal"},"content":{"rendered":"<p>El <strong>Clausura 2018<\/strong> lleg\u00f3 a la mitad de temporada al terminar la Jornada 9 y los equipos de la <strong>Liga MX<\/strong> ya se perfilan para lo que ser\u00e1 el cierre de campeonato y la b\u00fasqueda de la clasificaci\u00f3n a la <strong>Liguilla<\/strong>.<\/p>\n<p>Es por ello que en <strong>Futbol Total<\/strong> hemos decidido hacer un an\u00e1lisis sobre lo que nos ha dejado las primeras jornadas del campeonato y destacamos a los jugadores que mejor han participado con sus respectivos equipos.<\/p>\n<p>Aqu\u00ed te presentamos una secci\u00f3n de nuestro corte de caja del <strong>Clausura 2018<\/strong> con el 11 Ideal.<\/p>\n<p style=\"text-align: center;\"><span style=\"color: #3366ff;\"><a href=\"https:\/\/www.futboltotal.com.mx\/futbol-mexicano\/liga-mx\/corte-caja-clausura-2018-la-sorpresa-puebla\/2018\/02\">VER M\u00c1S: Corte de caja Clausura 2018; La sorpresa \u2018Puebla\u2019<\/a><\/span><\/p>\n<p><img decoding=\"async\" loading=\"lazy\" class=\"size-full wp-image-519092 aligncenter\" src=\"https:\/\/www.futboltotal.com.mx\/wp-content\/uploads\/2018\/02\/corte-de-caja-clausura-2018-11-ideal.jpg\" alt=\"Corte de Caja Clausura 2018; el 11 Ideal 0\" srcset=\"http:\/\/desarrollo.grupomedios.com\/futbol\/wp-content\/uploads\/2018\/02\/corte-de-caja-clausura-2018-11-ideal.jpg 858w, http:\/\/desarrollo.grupomedios.com\/futbol\/wp-content\/uploads\/2018\/02\/corte-de-caja-clausura-2018-11-ideal-229x300.jpg 229w, http:\/\/desarrollo.grupomedios.com\/futbol\/wp-content\/uploads\/2018\/02\/corte-de-caja-clausura-2018-11-ideal-768x1005.jpg 768w, http:\/\/desarrollo.grupomedios.com\/futbol\/wp-content\/uploads\/2018\/02\/corte-de-caja-clausura-2018-11-ideal-782x1024.jpg 782w\" sizes=\"(max-width: 858px) 100vw, 858px\" \/><\/p>\n<p>&nbsp;<\/p>\n","protected":false},"excerpt":{"rendered":"<p>Mira los jugadores que m\u00e1s han destacado.<\/p>\n","protected":false},"author":129,"featured_media":519078,"comment_status":"closed","ping_status":"closed","sticky":false,"template":"","format":"standard","meta":[],"categories":[5,2198,3845],"tags":[5623,9028,3883,64],"_links":{"self":[{"href":"http:\/\/desarrollo.grupomedios.com\/futbol\/wp-json\/wp\/v2\/posts\/519073"}],"collection":[{"href":"http:\/\/desarrollo.grupomedios.com\/futbol\/wp-json\/wp\/v2\/posts"}],"about":[{"href":"http:\/\/desarrollo.grupomedios.com\/futbol\/wp-json\/wp\/v2\/types\/post"}],"author":[{"embeddable":true,"href":"http:\/\/desarrollo.grupomedios.com\/futbol\/wp-json\/wp\/v2\/users\/129"}],"replies":[{"embeddable":true,"href":"http:\/\/desarrollo.grupomedios.com\/futbol\/wp-json\/wp\/v2\/comments?post=519073"}],"version-history":[{"count":3,"href":"http:\/\/desarrollo.grupomedios.com\/futbol\/wp-json\/wp\/v2\/posts\/519073\/revisions"}],"predecessor-version":[{"id":519095,"href":"http:\/\/desarrollo.grupomedios.com\/futbol\/wp-json\/wp\/v2\/posts\/519073\/revisions\/519095"}],"wp:featuredmedia":[{"embeddable":true,"href":"http:\/\/desarrollo.grupomedios.com\/futbol\/wp-json\/wp\/v2\/media\/519078"}],"wp:attachment":[{"href":"http:\/\/desarrollo.grupomedios.com\/futbol\/wp-json\/wp\/v2\/media?parent=519073"}],"wp:term":[{"taxonomy":"category","embeddable":true,"href":"http:\/\/desarrollo.grupomedios.com\/futbol\/wp-json\/wp\/v2\/categories?post=519073"},{"taxonomy":"post_tag","embeddable":true,"href":"http:\/\/desarrollo.grupomedios.com\/futbol\/wp-json\/wp\/v2\/tags?post=519073"}],"curies":[{"name":"wp","href":"https:\/\/api.w.org\/{rel}","templated":true}]}}