{"id":519084,"date":"2018-02-27T21:20:04","date_gmt":"2018-02-28T03:20:04","guid":{"rendered":"https:\/\/www.futboltotal.com.mx\/?p=519084"},"modified":"2018-02-27T21:20:04","modified_gmt":"2018-02-28T03:20:04","slug":"copa-mx-monterrey-superlider-zacatepec-atlas-a-octavos","status":"publish","type":"post","link":"http:\/\/desarrollo.grupomedios.com\/futbol\/destacado-home\/copa-mx-monterrey-superlider-zacatepec-atlas-a-octavos\/2018\/02","title":{"rendered":"Copa MX: Monterrey, superl\u00edder; Zacatepec y Atlas, a octavos"},"content":{"rendered":"<p>Los <strong>Rayados de Monterrey<\/strong> lograron un triunfo muy importante de visita 3-2 sobre los <strong>Correcaminos<\/strong>, y con ello se convirtieron en el superl\u00edder de la fase de grupos de la <strong>Copa MX<\/strong>.<\/p>\n<p><strong>Jorge Ben\u00edtez, Lucas Albertengo y Carlos S\u00e1nchez<\/strong> dictaron sentencia a favor de los Rayados.<\/p>\n<blockquote class=\"twitter-tweet\" data-partner=\"tweetdeck\">\n<p dir=\"ltr\" lang=\"es\"><a href=\"https:\/\/twitter.com\/hashtag\/NoTeLoPierdas?src=hash&amp;ref_src=twsrc%5Etfw\">#NoTeLoPierdas<\/a><br \/>\nG\u26bd\u26bd\u26bdL de Carlos S\u00e1nchez<a href=\"https:\/\/twitter.com\/CFCorrecaminos?ref_src=twsrc%5Etfw\">@CFCorrecaminos<\/a> 0-3 <a href=\"https:\/\/twitter.com\/Rayados?ref_src=twsrc%5Etfw\">@Rayados<\/a>\u00a0<a href=\"https:\/\/twitter.com\/hashtag\/Jornada6?src=hash&amp;ref_src=twsrc%5Etfw\">#Jornada6<\/a> de la <a href=\"https:\/\/twitter.com\/hashtag\/CopaCoronaMX?src=hash&amp;ref_src=twsrc%5Etfw\">#CopaCoronaMX<\/a> &#x1f3c6; <a href=\"https:\/\/twitter.com\/hashtag\/Clausura2018?src=hash&amp;ref_src=twsrc%5Etfw\">#Clausura2018<\/a><br \/>\n\u26bd <a href=\"https:\/\/twitter.com\/hashtag\/SienteTuLiga?src=hash&amp;ref_src=twsrc%5Etfw\">#SienteTuLiga<\/a> \u26bd <a href=\"https:\/\/twitter.com\/hashtag\/AbrazadosPorElFutbol?src=hash&amp;ref_src=twsrc%5Etfw\">#AbrazadosPorElFutbol<\/a> <a href=\"https:\/\/t.co\/DJDwPEmhB4\">pic.twitter.com\/DJDwPEmhB4<\/a><\/p>\n<p>\u2014 #CopaCoronaMX (@CopaCoronaMx) <a href=\"https:\/\/twitter.com\/CopaCoronaMx\/status\/968665379735207937?ref_src=twsrc%5Etfw\">February 28, 2018<\/a><\/p><\/blockquote>\n<p><script async src=\"https:\/\/platform.twitter.com\/widgets.js\" charset=\"utf-8\"><\/script><\/p>\n<p><strong>Luis Morales y N\u00e9stor Breitenbruch<\/strong> acortaron distancia, pero no fue suficiente para alcanzar a los regiomontanos y poder colarse a la siguiente fase, donde Correcaminos deber\u00e1 esperar resultados.<\/p>\n<blockquote class=\"twitter-tweet\" data-partner=\"tweetdeck\">\n<p dir=\"ltr\" lang=\"es\"><a href=\"https:\/\/twitter.com\/hashtag\/NoTeLoPierdas?src=hash&amp;ref_src=twsrc%5Etfw\">#NoTeLoPierdas<\/a><br \/>\nG\u26bd\u26bd\u26bdL de Carlos S\u00e1nchez<a href=\"https:\/\/twitter.com\/CFCorrecaminos?ref_src=twsrc%5Etfw\">@CFCorrecaminos<\/a> 0-3 <a href=\"https:\/\/twitter.com\/Rayados?ref_src=twsrc%5Etfw\">@Rayados<\/a>\u00a0<a href=\"https:\/\/twitter.com\/hashtag\/Jornada6?src=hash&amp;ref_src=twsrc%5Etfw\">#Jornada6<\/a> de la <a href=\"https:\/\/twitter.com\/hashtag\/CopaCoronaMX?src=hash&amp;ref_src=twsrc%5Etfw\">#CopaCoronaMX<\/a> &#x1f3c6; <a href=\"https:\/\/twitter.com\/hashtag\/Clausura2018?src=hash&amp;ref_src=twsrc%5Etfw\">#Clausura2018<\/a><br \/>\n\u26bd <a href=\"https:\/\/twitter.com\/hashtag\/SienteTuLiga?src=hash&amp;ref_src=twsrc%5Etfw\">#SienteTuLiga<\/a> \u26bd <a href=\"https:\/\/twitter.com\/hashtag\/AbrazadosPorElFutbol?src=hash&amp;ref_src=twsrc%5Etfw\">#AbrazadosPorElFutbol<\/a> <a href=\"https:\/\/t.co\/DJDwPEmhB4\">pic.twitter.com\/DJDwPEmhB4<\/a><\/p>\n<p>\u2014 #CopaCoronaMX (@CopaCoronaMx) <a href=\"https:\/\/twitter.com\/CopaCoronaMx\/status\/968665379735207937?ref_src=twsrc%5Etfw\">February 28, 2018<\/a><\/p><\/blockquote>\n<p><script async src=\"https:\/\/platform.twitter.com\/widgets.js\" charset=\"utf-8\"><\/script><\/p>\n<p style=\"text-align: center;\"><strong>ZACATEPEC, A OCTAVOS DE FINAL<\/strong><\/p>\n<p>Con gol de <strong>Marco Bustos<\/strong> al minuto 63, <strong>Zacatepec<\/strong> logr\u00f3 la victoria por la m\u00ednima en la cancha del <strong>Murci\u00e9lagos de Los Mochis<\/strong>.<\/p>\n<p>Los Ca\u00f1eros lograron el triunfo y el liderato del <strong>Grupo 6<\/strong> con lo que se clasificaron a los octavos de Final.<\/p>\n<blockquote class=\"twitter-tweet\" data-partner=\"tweetdeck\">\n<p dir=\"ltr\" lang=\"es\"><a href=\"https:\/\/twitter.com\/hashtag\/NoTeLoPierdas?src=hash&amp;ref_src=twsrc%5Etfw\">#NoTeLoPierdas<\/a><br \/>\nG\u26bd\u26bd\u26bdL de Marco Bustos<a href=\"https:\/\/twitter.com\/murcielagosfc?ref_src=twsrc%5Etfw\">@murcielagosfc<\/a> 0-1 <a href=\"https:\/\/twitter.com\/CA_Zacatepec?ref_src=twsrc%5Etfw\">@CA_Zacatepec<\/a> <a href=\"https:\/\/twitter.com\/hashtag\/Jornada6?src=hash&amp;ref_src=twsrc%5Etfw\">#Jornada6<\/a> de la <a href=\"https:\/\/twitter.com\/hashtag\/CopaCoronaMX?src=hash&amp;ref_src=twsrc%5Etfw\">#CopaCoronaMX<\/a> &#x1f3c6; <a href=\"https:\/\/twitter.com\/hashtag\/Clausura2018?src=hash&amp;ref_src=twsrc%5Etfw\">#Clausura2018<\/a><br \/>\n\u26bd <a href=\"https:\/\/twitter.com\/hashtag\/SienteTuLiga?src=hash&amp;ref_src=twsrc%5Etfw\">#SienteTuLiga<\/a> \u26bd <a href=\"https:\/\/twitter.com\/hashtag\/AbrazadosPorElFutbol?src=hash&amp;ref_src=twsrc%5Etfw\">#AbrazadosPorElFutbol<\/a> <a href=\"https:\/\/t.co\/FTfIUi7QJQ\">pic.twitter.com\/FTfIUi7QJQ<\/a><\/p>\n<p>\u2014 #CopaCoronaMX (@CopaCoronaMx) <a href=\"https:\/\/twitter.com\/CopaCoronaMx\/status\/968673705139343366?ref_src=twsrc%5Etfw\">February 28, 2018<\/a><\/p><\/blockquote>\n<p><script async src=\"https:\/\/platform.twitter.com\/widgets.js\" charset=\"utf-8\"><\/script><\/p>\n<p style=\"text-align: center;\"><strong>ATLAS SUFRI\u00d3 PARA CALIFICAR<\/strong><\/p>\n<p>Los <strong>Rojinegros del Atlas<\/strong> derrotaron por 1-0 a los <strong>Tiburones Rojos del Veracruz<\/strong> y con este resultado tendr\u00e1n que esperar marcadores para ver si acceden a los octavos de final de la Copa MX.<\/p>\n<p>El gol lo hizo <strong>Carlos Robles<\/strong> al minuto 79 con una gran definici\u00f3n de tal\u00f3n.<\/p>\n<blockquote class=\"twitter-tweet\" data-partner=\"tweetdeck\">\n<p dir=\"ltr\" lang=\"es\"><a href=\"https:\/\/twitter.com\/hashtag\/NoTeLoPierdas?src=hash&amp;ref_src=twsrc%5Etfw\">#NoTeLoPierdas<\/a><br \/>\nG\u26bd\u26bd\u26bdL de Carlos Robles<a href=\"https:\/\/twitter.com\/ClubTiburones?ref_src=twsrc%5Etfw\">@ClubTiburones<\/a> 0-1 <a href=\"https:\/\/twitter.com\/atlasfc?ref_src=twsrc%5Etfw\">@atlasfc<\/a> <a href=\"https:\/\/twitter.com\/hashtag\/Jornada6?src=hash&amp;ref_src=twsrc%5Etfw\">#Jornada6<\/a> de la <a href=\"https:\/\/twitter.com\/hashtag\/CopaCoronaMX?src=hash&amp;ref_src=twsrc%5Etfw\">#CopaCoronaMX<\/a> &#x1f3c6; <a href=\"https:\/\/twitter.com\/hashtag\/Clausura2018?src=hash&amp;ref_src=twsrc%5Etfw\">#Clausura2018<\/a><br \/>\n\u26bd <a href=\"https:\/\/twitter.com\/hashtag\/SienteTuLiga?src=hash&amp;ref_src=twsrc%5Etfw\">#SienteTuLiga<\/a> \u26bd <a href=\"https:\/\/twitter.com\/hashtag\/AbrazadosPorElFutbol?src=hash&amp;ref_src=twsrc%5Etfw\">#AbrazadosPorElFutbol<\/a> <a href=\"https:\/\/t.co\/vzUsv5Ovsh\">pic.twitter.com\/vzUsv5Ovsh<\/a><\/p>\n<p>\u2014 #CopaCoronaMX (@CopaCoronaMx) <a href=\"https:\/\/twitter.com\/CopaCoronaMx\/status\/968681297035046912?ref_src=twsrc%5Etfw\">February 28, 2018<\/a><\/p><\/blockquote>\n<p><script async src=\"https:\/\/platform.twitter.com\/widgets.js\" charset=\"utf-8\"><\/script><\/p>\n","protected":false},"excerpt":{"rendered":"<p>Con su victoria sobre Correcaminos, los Rayados son los mejores de la fase de grupos<\/p>\n","protected":false},"author":160,"featured_media":519085,"comment_status":"closed","ping_status":"closed","sticky":false,"template":"","format":"standard","meta":[],"categories":[4247,5,2198,3845],"tags":[5961,285,61,5966,1764,6049,1588],"_links":{"self":[{"href":"http:\/\/desarrollo.grupomedios.com\/futbol\/wp-json\/wp\/v2\/posts\/519084"}],"collection":[{"href":"http:\/\/desarrollo.grupomedios.com\/futbol\/wp-json\/wp\/v2\/posts"}],"about":[{"href":"http:\/\/desarrollo.grupomedios.com\/futbol\/wp-json\/wp\/v2\/types\/post"}],"author":[{"embeddable":true,"href":"http:\/\/desarrollo.grupomedios.com\/futbol\/wp-json\/wp\/v2\/users\/160"}],"replies":[{"embeddable":true,"href":"http:\/\/desarrollo.grupomedios.com\/futbol\/wp-json\/wp\/v2\/comments?post=519084"}],"version-history":[{"count":1,"href":"http:\/\/desarrollo.grupomedios.com\/futbol\/wp-json\/wp\/v2\/posts\/519084\/revisions"}],"predecessor-version":[{"id":519086,"href":"http:\/\/desarrollo.grupomedios.com\/futbol\/wp-json\/wp\/v2\/posts\/519084\/revisions\/519086"}],"wp:featuredmedia":[{"embeddable":true,"href":"http:\/\/desarrollo.grupomedios.com\/futbol\/wp-json\/wp\/v2\/media\/519085"}],"wp:attachment":[{"href":"http:\/\/desarrollo.grupomedios.com\/futbol\/wp-json\/wp\/v2\/media?parent=519084"}],"wp:term":[{"taxonomy":"category","embeddable":true,"href":"http:\/\/desarrollo.grupomedios.com\/futbol\/wp-json\/wp\/v2\/categories?post=519084"},{"taxonomy":"post_tag","embeddable":true,"href":"http:\/\/desarrollo.grupomedios.com\/futbol\/wp-json\/wp\/v2\/tags?post=519084"}],"curies":[{"name":"wp","href":"https:\/\/api.w.org\/{rel}","templated":true}]}}