{"id":519091,"date":"2018-02-28T08:59:56","date_gmt":"2018-02-28T14:59:56","guid":{"rendered":"https:\/\/www.futboltotal.com.mx\/?p=519091"},"modified":"2018-02-28T08:59:56","modified_gmt":"2018-02-28T14:59:56","slug":"fc-barcelona-ya-espera-a-quinto-fantastico","status":"publish","type":"post","link":"http:\/\/desarrollo.grupomedios.com\/futbol\/futbol-internacional\/fc-barcelona-ya-espera-a-quinto-fantastico\/2018\/02","title":{"rendered":"FC Barcelona ya espera a su &#8216;quinto fant\u00e1stico&#8217;"},"content":{"rendered":"<p>El<strong> FC Barcelona<\/strong> se ha convertido en el protagonista de las portadas con\u00a0<strong>Antoine Griezmann,\u00a0<\/strong>delantero franc\u00e9s que ya es colocado como el nuevo fichaje estrella de los catalanes este verano, por quien pagar\u00edan los 100 millones de euros en su cl\u00e1usula de rescisi\u00f3n y est\u00e1 en la parte frontal de los diarios\u00a0<em>Mundo Deportivo<\/em>\u00a0y\u00a0<em>Sport.<\/em><\/p>\n<p><strong>&#8220;Factor Griezmann&#8221;<\/strong>, as\u00ed ha titulado Mundo Deportivo y\u00a0<em>Sport<\/em>\u00a0quien avisa m\u00e1s de directo\u00a0<strong>&#8220;De rival a socio&#8221;,\u00a0<\/strong>esto de cara al duelo que sostendr\u00e1 el Barcelona con el Atl\u00e9tico de Madrid, en un duelo que espera para ver a la estrella francesa que pasa por un gran momento luego de apuntarse un &#8216;Hat-Trick&#8217;, pero esta ser\u00eda la \u00faltima vez que ver\u00edan al futbolista como rival, ya que todo parece apuntar a que en verano completar\u00e1 una verdadera delantera de miedo con los cul\u00e9s.<\/p>\n<p style=\"text-align: center;\"><a href=\"https:\/\/www.futboltotal.com.mx\/futbol-internacional\/liga-de-espana\/fc-barcelona-robara-jugador-a-tottenham-hotspur\/2018\/02\">VER M\u00c1S: FC Barcelona \u2018robar\u00e1\u2019 jugador al Tottenham Hotspur<\/a><\/p>\n<p>Por otra parte se habla del famoso dorsal &#8216;7&#8217;, quien parec\u00eda quedarse con <strong>Philippe Coutinho<\/strong> pero termin\u00f3 siendo el &#8217;14&#8217;, adem\u00e1s que anteriormente el otro gran refuerzo galo, <strong>Ousmane Demb\u00e9l\u00e9<\/strong> se qued\u00f3 con la camiseta &#8217;11&#8217;, por lo que se ha hablado que el dorsal que llevar\u00e1 Griezmann es el mismo que utiliza con Francia y el Atl\u00e9tico de Madrid, es decir se lo est\u00e1n reservando para que se sienta c\u00f3modo con la entidad catalana.<\/p>\n<p>Esta llegada traer\u00eda consigo la salida de futbolistas como Andr\u00e9 Gomes,\u00a0<strong>Denis Su\u00e1rez,\u00a0Aleix Vidal y Paco Alc\u00e1cer,<\/strong>\u00a0quienes ya no entrar\u00eda en planes del equipo de Ernesto Valverde, estas razones est\u00e1n apuntando a que Griezmann est\u00e1 esperando tener una actuaci\u00f3n sobresaliente en la Copa del Mundo de Rusia 2018 para ganarse un lugar con los blaugranas.<\/p>\n<p><strong><img decoding=\"async\" loading=\"lazy\" class=\"aligncenter size-full wp-image-519098\" src=\"https:\/\/www.futboltotal.com.mx\/wp-content\/uploads\/2018\/02\/griezmann-portada-2.jpg\" alt=\"FC Barcelona ya espera a su &#8216;quinto fant\u00e1stico&#8217; 0\" srcset=\"http:\/\/desarrollo.grupomedios.com\/futbol\/wp-content\/uploads\/2018\/02\/griezmann-portada-2.jpg 787w, http:\/\/desarrollo.grupomedios.com\/futbol\/wp-content\/uploads\/2018\/02\/griezmann-portada-2-254x300.jpg 254w, http:\/\/desarrollo.grupomedios.com\/futbol\/wp-content\/uploads\/2018\/02\/griezmann-portada-2-768x908.jpg 768w\" sizes=\"(max-width: 787px) 100vw, 787px\" \/> <img decoding=\"async\" loading=\"lazy\" class=\"aligncenter size-full wp-image-519099\" src=\"https:\/\/www.futboltotal.com.mx\/wp-content\/uploads\/2018\/02\/griezmann-portada.jpg\" alt=\"FC Barcelona ya espera a su &#8216;quinto fant\u00e1stico&#8217; 1\" srcset=\"http:\/\/desarrollo.grupomedios.com\/futbol\/wp-content\/uploads\/2018\/02\/griezmann-portada.jpg 623w, http:\/\/desarrollo.grupomedios.com\/futbol\/wp-content\/uploads\/2018\/02\/griezmann-portada-236x300.jpg 236w\" sizes=\"(max-width: 623px) 100vw, 623px\" \/><\/strong><\/p>\n<p style=\"text-align: center;\"><strong>\u00a0<a href=\"https:\/\/www.futboltotal.com.mx\/futbol-mexicano\/liga-mx\/corte-caja-clausura-2018-la-decepcion-cruz-azul\/2018\/02\">VER M\u00c1S: Corte de caja Clausura 2018; La decepci\u00f3n \u2018Cruz Azul\u2019<\/a><\/strong><\/p>\n<p>&nbsp;<\/p>\n","protected":false},"excerpt":{"rendered":"<p>El delantero franc\u00e9s completar\u00eda una delantera de miedo para los cul\u00e9s<\/p>\n","protected":false},"author":159,"featured_media":519100,"comment_status":"closed","ping_status":"closed","sticky":false,"template":"","format":"standard","meta":[],"categories":[3839,3844],"tags":[5191,6007,1083],"_links":{"self":[{"href":"http:\/\/desarrollo.grupomedios.com\/futbol\/wp-json\/wp\/v2\/posts\/519091"}],"collection":[{"href":"http:\/\/desarrollo.grupomedios.com\/futbol\/wp-json\/wp\/v2\/posts"}],"about":[{"href":"http:\/\/desarrollo.grupomedios.com\/futbol\/wp-json\/wp\/v2\/types\/post"}],"author":[{"embeddable":true,"href":"http:\/\/desarrollo.grupomedios.com\/futbol\/wp-json\/wp\/v2\/users\/159"}],"replies":[{"embeddable":true,"href":"http:\/\/desarrollo.grupomedios.com\/futbol\/wp-json\/wp\/v2\/comments?post=519091"}],"version-history":[{"count":1,"href":"http:\/\/desarrollo.grupomedios.com\/futbol\/wp-json\/wp\/v2\/posts\/519091\/revisions"}],"predecessor-version":[{"id":519101,"href":"http:\/\/desarrollo.grupomedios.com\/futbol\/wp-json\/wp\/v2\/posts\/519091\/revisions\/519101"}],"wp:featuredmedia":[{"embeddable":true,"href":"http:\/\/desarrollo.grupomedios.com\/futbol\/wp-json\/wp\/v2\/media\/519100"}],"wp:attachment":[{"href":"http:\/\/desarrollo.grupomedios.com\/futbol\/wp-json\/wp\/v2\/media?parent=519091"}],"wp:term":[{"taxonomy":"category","embeddable":true,"href":"http:\/\/desarrollo.grupomedios.com\/futbol\/wp-json\/wp\/v2\/categories?post=519091"},{"taxonomy":"post_tag","embeddable":true,"href":"http:\/\/desarrollo.grupomedios.com\/futbol\/wp-json\/wp\/v2\/tags?post=519091"}],"curies":[{"name":"wp","href":"https:\/\/api.w.org\/{rel}","templated":true}]}}