{"id":519094,"date":"2018-02-28T08:49:01","date_gmt":"2018-02-28T14:49:01","guid":{"rendered":"https:\/\/www.futboltotal.com.mx\/?p=519094"},"modified":"2018-02-28T08:49:01","modified_gmt":"2018-02-28T14:49:01","slug":"lewandowski-hummels-protagonizan-pelea-en-entrenamiento-del-bayern","status":"publish","type":"post","link":"http:\/\/desarrollo.grupomedios.com\/futbol\/futbol-internacional\/lewandowski-hummels-protagonizan-pelea-en-entrenamiento-del-bayern\/2018\/02","title":{"rendered":"Lewandowski y Hummels protagonizan pelea en entrenamiento del Bayern"},"content":{"rendered":"<p>El central <strong>Matss Hummels<\/strong> y el delantero polaco <strong>Robert Lewandowski<\/strong> tuvieron hoy, seg\u00fan varios medios alemanes, un fuerte enfrentamiento dial\u00e9ctico en el entrenamiento del <strong>Bayern<\/strong> debido a un gol encajado por su equipo en un partidillo y del que los dos jugadores se responsabilizaron mutuamente.<\/p>\n<p>Tras una p\u00e9rdida de bal\u00f3n de Hummels, Lewandowski -en lugar de ayudar a defender- decidi\u00f3 atarse mejor una bota, lo que disgust\u00f3 el jugador alem\u00e1n.<\/p>\n<p>&#8220;<mark>Lewy, eso no es serio. En un momento as\u00ed no te puedes atar los cordones, es una mierda<\/mark>&#8220;, le dijo Hummels seg\u00fan afirma el diario <em>Bild<\/em>.<\/p>\n<p style=\"text-align: center;\"><span style=\"color: #3366ff;\"><a href=\"https:\/\/www.futboltotal.com.mx\/futbol-internacional\/champions-league\/neymar-seis-a-ocho-semanas-baja-confirma-padre\/2018\/02\">VER M\u00c1S: Neymar, seis a ocho semanas de baja, confirma su padre<\/a><\/span><\/p>\n<p>A ello el polaco le record\u00f3 a Hummels que hab\u00eda sido \u00e9l quien hab\u00eda perdido la pelota lo que molest\u00f3 a\u00fan m\u00e1s al defensa alem\u00e1n.<\/p>\n<p>&#8220;Lo m\u00edo fue un error, lo tuyo es un problema de actitud&#8221;, le dijo Hummels a Lewandowski.<\/p>\n<p>Seg\u00fan los medios que informan sobre el enfrentamiento, al final de la pr\u00e1ctica los dos jugadores se mantuvieron alejados el uno del otro y no hubo gestos de reconciliaci\u00f3n.EFE<\/p>\n","protected":false},"excerpt":{"rendered":"<p>Hummels reclam\u00f3 falta de actitud al polaco.<\/p>\n","protected":false},"author":129,"featured_media":519096,"comment_status":"closed","ping_status":"closed","sticky":false,"template":"","format":"standard","meta":[],"categories":[9808,3839],"tags":[2056,119,6214,6083,6038],"_links":{"self":[{"href":"http:\/\/desarrollo.grupomedios.com\/futbol\/wp-json\/wp\/v2\/posts\/519094"}],"collection":[{"href":"http:\/\/desarrollo.grupomedios.com\/futbol\/wp-json\/wp\/v2\/posts"}],"about":[{"href":"http:\/\/desarrollo.grupomedios.com\/futbol\/wp-json\/wp\/v2\/types\/post"}],"author":[{"embeddable":true,"href":"http:\/\/desarrollo.grupomedios.com\/futbol\/wp-json\/wp\/v2\/users\/129"}],"replies":[{"embeddable":true,"href":"http:\/\/desarrollo.grupomedios.com\/futbol\/wp-json\/wp\/v2\/comments?post=519094"}],"version-history":[{"count":1,"href":"http:\/\/desarrollo.grupomedios.com\/futbol\/wp-json\/wp\/v2\/posts\/519094\/revisions"}],"predecessor-version":[{"id":519097,"href":"http:\/\/desarrollo.grupomedios.com\/futbol\/wp-json\/wp\/v2\/posts\/519094\/revisions\/519097"}],"wp:featuredmedia":[{"embeddable":true,"href":"http:\/\/desarrollo.grupomedios.com\/futbol\/wp-json\/wp\/v2\/media\/519096"}],"wp:attachment":[{"href":"http:\/\/desarrollo.grupomedios.com\/futbol\/wp-json\/wp\/v2\/media?parent=519094"}],"wp:term":[{"taxonomy":"category","embeddable":true,"href":"http:\/\/desarrollo.grupomedios.com\/futbol\/wp-json\/wp\/v2\/categories?post=519094"},{"taxonomy":"post_tag","embeddable":true,"href":"http:\/\/desarrollo.grupomedios.com\/futbol\/wp-json\/wp\/v2\/tags?post=519094"}],"curies":[{"name":"wp","href":"https:\/\/api.w.org\/{rel}","templated":true}]}}