{"id":519103,"date":"2018-02-28T09:54:13","date_gmt":"2018-02-28T15:54:13","guid":{"rendered":"https:\/\/www.futboltotal.com.mx\/?p=519103"},"modified":"2018-02-28T09:54:13","modified_gmt":"2018-02-28T15:54:13","slug":"sergio-ramos-furioso-isco-tras-derrota-del-real-madrid","status":"publish","type":"post","link":"http:\/\/desarrollo.grupomedios.com\/futbol\/futbol-internacional\/sergio-ramos-furioso-isco-tras-derrota-del-real-madrid\/2018\/02","title":{"rendered":"Sergio Ramos, furioso con Isco tras derrota del Real Madrid"},"content":{"rendered":"<p>El equipo del <strong>Real Madrid<\/strong> volvi\u00f3 a dejar puntos en el camino en <strong>LaLiga<\/strong> luego de perder en los \u00faltimos minutos ante el<strong> Espanyol\u00a0<\/strong> y as\u00ed despedirse de cualquier posibilidad que hubiera para seguir en la pelea por conseguir el t\u00edtulo en el que va al frente del<strong> FC Barcelona,<\/strong> este resultado negativo habr\u00eda partido el vestidor pues <strong>Sergio Ramos<\/strong> e <strong>Isco<\/strong> abr\u00edan protagonizado una bronca en\u00a0<strong>Cornell\u00e1-El Prat<\/strong>.<\/p>\n<p>El defensa n\u00famero &#8216;4&#8217;, de acuerdo con el periodista espa\u00f1ol\u00a0Jos\u00e9 Luis S\u00e1nchez, recrimin\u00f3 a su compa\u00f1ero por tener poca consideraci\u00f3n con <strong>Karim Benzema<\/strong> y el resto de sus compa\u00f1eros, pues le habr\u00eda exigido que; &#8220;en el Madrid hay que salir corriendo del campo&#8221; y no como lo hiciera el malague\u00f1o, quien sali\u00f3 del terreno de juego a paso lento a pesar que necesitaban un gol para obtener el triunfo.<\/p>\n<p style=\"text-align: center;\"><a href=\"https:\/\/www.futboltotal.com.mx\/copa-mundial-de-futbol-2018\/principales-home-mundial\/momentos-mundialistas-gol-fantasma-inglaterra-1966\">VER M\u00c1S: Momentos mundialistas: El gol \u201cfantasma\u201d de Inglaterra 1966<\/a><\/p>\n<p><iframe loading=\"lazy\" src=\"https:\/\/www.youtube.com\/embed\/jt3TAkLgqYM\" frameborder=\"0\" allowfullscreen=\"allowfullscreen\"><\/iframe><\/p>\n<p>Por otro lado, el capit\u00e1n merengue habr\u00eda reclamado a sus compa\u00f1eros la falta de actitud que se ha mostrado durante esta temporada, misma que han tirado por la borda y todas sus esperanzas se han posado sobre la<strong> UEFA Champions League.<\/strong> Ramos est\u00e1 convencido que hay elementos que no est\u00e1n a la altura de las exigencias de un equipo como el Real Madrid.<\/p>\n<p>De acuerdo a la prensa espa\u00f1ola, el malague\u00f1o est\u00e1 teniendo una temporada terrible, adem\u00e1s que lo califican de\u00a0<strong>&#8216;lento y le sobran varios toque en numerosas jugadas&#8217;.<\/strong> Esto hace cada vez m\u00e1s latente la salida de Isco del cuadro merengue.<\/p>\n<blockquote class=\"twitter-tweet\" data-width=\"500\">\n<p lang=\"es\" dir=\"ltr\">\u00a1BRONCA EN EL VESTUARIO! &quot;RAMOS LE HA RECRIMINADO A ISCO SU ACTITUD en el CAMBIO&quot;, <a href=\"https:\/\/twitter.com\/JLSanchez78?ref_src=twsrc%5Etfw\">@JLSanchez78<\/a> LO CUENTA EN EXCLUSIVA en <a href=\"https:\/\/twitter.com\/hashtag\/ChiringuitoMadrid?src=hash&amp;ref_src=twsrc%5Etfw\">#ChiringuitoMadrid<\/a> \u00a1VENTE A MEGA! <a href=\"https:\/\/t.co\/CANQE9gGWl\">pic.twitter.com\/CANQE9gGWl<\/a><\/p>\n<p>&mdash; El Chiringuito TV (@elchiringuitotv) <a href=\"https:\/\/twitter.com\/elchiringuitotv\/status\/968646632685350912?ref_src=twsrc%5Etfw\">February 28, 2018<\/a><\/p><\/blockquote>\n<p><script async src=\"https:\/\/platform.twitter.com\/widgets.js\" charset=\"utf-8\"><\/script><\/p>\n<p style=\"text-align: center;\"><a href=\"https:\/\/www.futboltotal.com.mx\/futbol-internacional\/liga-de-espana\/fc-barcelona-ya-espera-a-quinto-fantastico\/2018\/02\">VER M\u00c1S: FC Barcelona ya espera a su \u2018quinto fant\u00e1stico\u2019<\/a><\/p>\n","protected":false},"excerpt":{"rendered":"<p>El capit\u00e1n merengue no ha visto con buenos ojos la actitud que tuvo el malague\u00f1o en la derrota del Real Madrid ante Espanyol<\/p>\n","protected":false},"author":159,"featured_media":519107,"comment_status":"closed","ping_status":"closed","sticky":false,"template":"","format":"standard","meta":[],"categories":[3839,3844],"tags":[67,6071,6114,5988,6020],"_links":{"self":[{"href":"http:\/\/desarrollo.grupomedios.com\/futbol\/wp-json\/wp\/v2\/posts\/519103"}],"collection":[{"href":"http:\/\/desarrollo.grupomedios.com\/futbol\/wp-json\/wp\/v2\/posts"}],"about":[{"href":"http:\/\/desarrollo.grupomedios.com\/futbol\/wp-json\/wp\/v2\/types\/post"}],"author":[{"embeddable":true,"href":"http:\/\/desarrollo.grupomedios.com\/futbol\/wp-json\/wp\/v2\/users\/159"}],"replies":[{"embeddable":true,"href":"http:\/\/desarrollo.grupomedios.com\/futbol\/wp-json\/wp\/v2\/comments?post=519103"}],"version-history":[{"count":1,"href":"http:\/\/desarrollo.grupomedios.com\/futbol\/wp-json\/wp\/v2\/posts\/519103\/revisions"}],"predecessor-version":[{"id":519108,"href":"http:\/\/desarrollo.grupomedios.com\/futbol\/wp-json\/wp\/v2\/posts\/519103\/revisions\/519108"}],"wp:featuredmedia":[{"embeddable":true,"href":"http:\/\/desarrollo.grupomedios.com\/futbol\/wp-json\/wp\/v2\/media\/519107"}],"wp:attachment":[{"href":"http:\/\/desarrollo.grupomedios.com\/futbol\/wp-json\/wp\/v2\/media?parent=519103"}],"wp:term":[{"taxonomy":"category","embeddable":true,"href":"http:\/\/desarrollo.grupomedios.com\/futbol\/wp-json\/wp\/v2\/categories?post=519103"},{"taxonomy":"post_tag","embeddable":true,"href":"http:\/\/desarrollo.grupomedios.com\/futbol\/wp-json\/wp\/v2\/tags?post=519103"}],"curies":[{"name":"wp","href":"https:\/\/api.w.org\/{rel}","templated":true}]}}