{"id":519116,"date":"2018-02-28T11:56:08","date_gmt":"2018-02-28T17:56:08","guid":{"rendered":"https:\/\/www.futboltotal.com.mx\/?p=519116"},"modified":"2018-02-28T11:56:51","modified_gmt":"2018-02-28T17:56:51","slug":"andre-pierre-gignac-puede-ir-a-rusia-2018","status":"publish","type":"post","link":"http:\/\/desarrollo.grupomedios.com\/futbol\/futbol-mexicano\/andre-pierre-gignac-puede-ir-a-rusia-2018\/2018\/02","title":{"rendered":"Andr\u00e9-Pierre Gignac puede ir a Rusia 2018"},"content":{"rendered":"<p>El delantero franc\u00e9s de <strong>Tigres UANL,\u00a0Andr\u00e9-Pierre Gignac<\/strong>, jam\u00e1s olvidar\u00e1 aquella jugada en la que hizo un recorte monumental frente a Pepe y posteriormente mandara un disparo que pegara en el poste del arco, ese momento pudo haber cambiado la historia de la Eurocopa 2016 en favor de Francia, despu\u00e9s de ese momento el atacante no ha podido ser relevante en el equipo franc\u00e9s, pero ahora est\u00e1 pintando un semestre para ser tomado en cuenta.<\/p>\n<p><iframe loading=\"lazy\" src=\"https:\/\/www.youtube.com\/embed\/lxjelZDpa0U\" frameborder=\"0\" allowfullscreen=\"allowfullscreen\"><\/iframe><\/p>\n<p>El futbolista ha comenzado este 2018 con un buen ritmo goleador, adem\u00e1s que tiene minutos suficientes para ser tomado en cuenta por el estratega\u00a0<strong>Didier Deschamps<\/strong>, quien dentro de su gama en el ataque bien puede tener en cuenta al atacante, sobre todo si los compara con otros elementos que est\u00e1n en Europa, al momento Andr\u00e9-Pierre tiene<strong> 6 anotaciones<\/strong> en el Clausura, de contarse el a\u00f1o futbol\u00edstico, es decir el Apertura 2017 con el torneo actual, el galo tiene <strong>12 anotaciones,<\/strong> manteniendo el paso de sus compa\u00f1eros en otros equipos de \u00e9lite.<\/p>\n<h3 style=\"text-align: center;\"><a href=\"https:\/\/www.futboltotal.com.mx\/futbol-mexicano\/liga-mx\/corte-caja-clausura-2018-la-decepcion-cruz-azul\/2018\/02\">VER M\u00c1S: Corte de caja Clausura 2018; La decepci\u00f3n \u2018Cruz Azul\u2019<\/a><\/h3>\n<h3>Antoine Griezman<\/h3>\n<p>Entre el 2017-2018, el delantero galo tiene 11 anotaciones, de los cuales 8 se han consumado en este a\u00f1o, por lo que su \u00faltima parte del 2017 fue un aut\u00e9ntico calvario, siendo la principal arma de Francia para la Copa del Mundo. Adem\u00e1s tiene 2 anotaciones en la Champions League.<\/p>\n<p><img decoding=\"async\" loading=\"lazy\" class=\"aligncenter size-full wp-image-517506\" src=\"https:\/\/www.futboltotal.com.mx\/wp-content\/uploads\/2018\/02\/griezmann-atletico.jpg\" alt=\"Andr\u00e9-Pierre Gignac puede ir a Rusia 2018 0\" srcset=\"http:\/\/desarrollo.grupomedios.com\/futbol\/wp-content\/uploads\/2018\/02\/griezmann-atletico.jpg 2560w, http:\/\/desarrollo.grupomedios.com\/futbol\/wp-content\/uploads\/2018\/02\/griezmann-atletico-300x169.jpg 300w, http:\/\/desarrollo.grupomedios.com\/futbol\/wp-content\/uploads\/2018\/02\/griezmann-atletico-768x432.jpg 768w, http:\/\/desarrollo.grupomedios.com\/futbol\/wp-content\/uploads\/2018\/02\/griezmann-atletico-1024x576.jpg 1024w, http:\/\/desarrollo.grupomedios.com\/futbol\/wp-content\/uploads\/2018\/02\/griezmann-atletico-393x221.jpg 393w\" sizes=\"(max-width: 2560px) 100vw, 2560px\" \/><\/p>\n<h3>Kylian Mbapp\u00e9<\/h3>\n<p>El joven atacante del Paris Saint-Germain tiene 10 goles en la Ligue 1, siendo una de las sensaciones del torneo y teniendo que competir con otras estrellas como Neymar y Edinson Cavani en\u00a0 la Champions League suma otros cuatro goles.<\/p>\n<div id=\"attachment_506073\" style=\"width: 1146px\" class=\"wp-caption aligncenter\"><img aria-describedby=\"caption-attachment-506073\" decoding=\"async\" loading=\"lazy\" class=\"size-full wp-image-506073\" src=\"https:\/\/www.futboltotal.com.mx\/wp-content\/uploads\/2017\/10\/mbappe-golden-boy-2017.jpg\" alt=\"Mbapp\u00e9 celebra un gol con el PSG.\" srcset=\"http:\/\/desarrollo.grupomedios.com\/futbol\/wp-content\/uploads\/2017\/10\/mbappe-golden-boy-2017.jpg 1136w, http:\/\/desarrollo.grupomedios.com\/futbol\/wp-content\/uploads\/2017\/10\/mbappe-golden-boy-2017-300x169.jpg 300w, http:\/\/desarrollo.grupomedios.com\/futbol\/wp-content\/uploads\/2017\/10\/mbappe-golden-boy-2017-768x432.jpg 768w, http:\/\/desarrollo.grupomedios.com\/futbol\/wp-content\/uploads\/2017\/10\/mbappe-golden-boy-2017-1024x576.jpg 1024w, http:\/\/desarrollo.grupomedios.com\/futbol\/wp-content\/uploads\/2017\/10\/mbappe-golden-boy-2017-393x221.jpg 393w\" sizes=\"(max-width: 1136px) 100vw, 1136px\" \/><p id=\"caption-attachment-506073\" class=\"wp-caption-text\">El joven franc\u00e9s Kylian Mbapp\u00e9 gan\u00f3 el premio Golden Boy en su edici\u00f3n 2017.<\/p><\/div>\n<h3>Alexandre Lacazette<\/h3>\n<p>El nuevo delantero del Arsenal en Inglaterra tiene 9 anotaciones en la Premier League y es otra de las armas importantes para los galos, lo dif\u00edcil para \u00e9l es que apenas suma un tanto en el presente 2018.<\/p>\n<p><img decoding=\"async\" loading=\"lazy\" class=\"aligncenter size-full wp-image-497051\" src=\"https:\/\/www.futboltotal.com.mx\/wp-content\/uploads\/2017\/08\/alexandre-lacazette-1.jpg\" alt=\"Andr\u00e9-Pierre Gignac puede ir a Rusia 2018 2\" srcset=\"http:\/\/desarrollo.grupomedios.com\/futbol\/wp-content\/uploads\/2017\/08\/alexandre-lacazette-1.jpg 1136w, http:\/\/desarrollo.grupomedios.com\/futbol\/wp-content\/uploads\/2017\/08\/alexandre-lacazette-1-300x169.jpg 300w, http:\/\/desarrollo.grupomedios.com\/futbol\/wp-content\/uploads\/2017\/08\/alexandre-lacazette-1-768x432.jpg 768w, http:\/\/desarrollo.grupomedios.com\/futbol\/wp-content\/uploads\/2017\/08\/alexandre-lacazette-1-1024x576.jpg 1024w, http:\/\/desarrollo.grupomedios.com\/futbol\/wp-content\/uploads\/2017\/08\/alexandre-lacazette-1-393x221.jpg 393w\" sizes=\"(max-width: 1136px) 100vw, 1136px\" \/><\/p>\n<h3>Olivier Giroud<\/h3>\n<p>El veterano delantero que apenas cambi\u00f3 al Arsenal por el Chelsea, tiene 8 anotaciones en el periodo que comprende del 2017-2018, pero de igual forma apenas suma 1 anotaci\u00f3n en este 2018, bajando considerablemente su capacidad goleadora.<\/p>\n<div id=\"attachment_509085\" style=\"width: 1146px\" class=\"wp-caption aligncenter\"><img aria-describedby=\"caption-attachment-509085\" decoding=\"async\" loading=\"lazy\" class=\"size-full wp-image-509085\" src=\"https:\/\/www.futboltotal.com.mx\/wp-content\/uploads\/2017\/11\/giroud-francia.jpg\" alt=\"Giroud con Francia\" srcset=\"http:\/\/desarrollo.grupomedios.com\/futbol\/wp-content\/uploads\/2017\/11\/giroud-francia.jpg 1136w, http:\/\/desarrollo.grupomedios.com\/futbol\/wp-content\/uploads\/2017\/11\/giroud-francia-300x169.jpg 300w, http:\/\/desarrollo.grupomedios.com\/futbol\/wp-content\/uploads\/2017\/11\/giroud-francia-768x432.jpg 768w, http:\/\/desarrollo.grupomedios.com\/futbol\/wp-content\/uploads\/2017\/11\/giroud-francia-1024x576.jpg 1024w, http:\/\/desarrollo.grupomedios.com\/futbol\/wp-content\/uploads\/2017\/11\/giroud-francia-393x221.jpg 393w\" sizes=\"(max-width: 1136px) 100vw, 1136px\" \/><p id=\"caption-attachment-509085\" class=\"wp-caption-text\">Oliver Giroud<\/p><\/div>\n<h3>Kevin Gameiro y Karim Benzema<\/h3>\n<p>El atacante del Atl\u00e9tico de Madrid tiene 8 anotaciones, sin embargo no es uno de los habituales para el estratega franc\u00e9s, pero en lo que va del presente a\u00f1o apenas suma 3 goles.<\/p>\n<p>Por su parte, el delantero del Real Madrid tiene 5 anotaciones en lo que va del semestre, pero el esc\u00e1ndalo con\u00a0Mathieu Valbuena lo tiene relegado de vestir la camiseta de su selecci\u00f3n.<\/p>\n<p><img decoding=\"async\" loading=\"lazy\" class=\"size-full wp-image-513778\" src=\"https:\/\/www.futboltotal.com.mx\/wp-content\/uploads\/2018\/01\/karim-benzema.jpg\" alt=\"Real Madrid intentar\u00e1 convencer al Inter de Milan\" srcset=\"http:\/\/desarrollo.grupomedios.com\/futbol\/wp-content\/uploads\/2018\/01\/karim-benzema.jpg 1136w, http:\/\/desarrollo.grupomedios.com\/futbol\/wp-content\/uploads\/2018\/01\/karim-benzema-300x169.jpg 300w, http:\/\/desarrollo.grupomedios.com\/futbol\/wp-content\/uploads\/2018\/01\/karim-benzema-768x432.jpg 768w, http:\/\/desarrollo.grupomedios.com\/futbol\/wp-content\/uploads\/2018\/01\/karim-benzema-1024x576.jpg 1024w, http:\/\/desarrollo.grupomedios.com\/futbol\/wp-content\/uploads\/2018\/01\/karim-benzema-393x221.jpg 393w\" sizes=\"(max-width: 1136px) 100vw, 1136px\" \/><\/p>\n<p style=\"text-align: center;\"><a href=\"https:\/\/www.futboltotal.com.mx\/futbol-mexicano\/liga-mx\/corte-de-caja-clausura-2018-el-11-ideal\/2018\/02\">VER M\u00c1S: Corte de Caja Clausura 2018; el 11 Ideal<\/a><\/p>\n","protected":false},"excerpt":{"rendered":"<p>El delantero franc\u00e9s est\u00e1 compitiendo en goles con sus compa\u00f1eros de selecci\u00f3n<\/p>\n","protected":false},"author":159,"featured_media":519117,"comment_status":"closed","ping_status":"closed","sticky":false,"template":"","format":"standard","meta":[],"categories":[2198,3845],"tags":[9140,5564,11919,125,8525,6799,2232,570],"_links":{"self":[{"href":"http:\/\/desarrollo.grupomedios.com\/futbol\/wp-json\/wp\/v2\/posts\/519116"}],"collection":[{"href":"http:\/\/desarrollo.grupomedios.com\/futbol\/wp-json\/wp\/v2\/posts"}],"about":[{"href":"http:\/\/desarrollo.grupomedios.com\/futbol\/wp-json\/wp\/v2\/types\/post"}],"author":[{"embeddable":true,"href":"http:\/\/desarrollo.grupomedios.com\/futbol\/wp-json\/wp\/v2\/users\/159"}],"replies":[{"embeddable":true,"href":"http:\/\/desarrollo.grupomedios.com\/futbol\/wp-json\/wp\/v2\/comments?post=519116"}],"version-history":[{"count":2,"href":"http:\/\/desarrollo.grupomedios.com\/futbol\/wp-json\/wp\/v2\/posts\/519116\/revisions"}],"predecessor-version":[{"id":519119,"href":"http:\/\/desarrollo.grupomedios.com\/futbol\/wp-json\/wp\/v2\/posts\/519116\/revisions\/519119"}],"wp:featuredmedia":[{"embeddable":true,"href":"http:\/\/desarrollo.grupomedios.com\/futbol\/wp-json\/wp\/v2\/media\/519117"}],"wp:attachment":[{"href":"http:\/\/desarrollo.grupomedios.com\/futbol\/wp-json\/wp\/v2\/media?parent=519116"}],"wp:term":[{"taxonomy":"category","embeddable":true,"href":"http:\/\/desarrollo.grupomedios.com\/futbol\/wp-json\/wp\/v2\/categories?post=519116"},{"taxonomy":"post_tag","embeddable":true,"href":"http:\/\/desarrollo.grupomedios.com\/futbol\/wp-json\/wp\/v2\/tags?post=519116"}],"curies":[{"name":"wp","href":"https:\/\/api.w.org\/{rel}","templated":true}]}}