{"id":519124,"date":"2018-02-28T14:44:10","date_gmt":"2018-02-28T20:44:10","guid":{"rendered":"https:\/\/www.futboltotal.com.mx\/?p=519124"},"modified":"2018-02-28T14:55:17","modified_gmt":"2018-02-28T20:55:17","slug":"hoy-debuta-el-delfin-en-la-copa-libertadores","status":"publish","type":"post","link":"http:\/\/desarrollo.grupomedios.com\/futbol\/futbol-internacional\/hoy-debuta-el-delfin-en-la-copa-libertadores\/2018\/02","title":{"rendered":"\u00a1Hoy debuta el Delf\u00edn en la Copa Libertadores!"},"content":{"rendered":"<p>Un peque\u00f1o equipo de <strong>Ecuador<\/strong> pero con enormes aspiraciones futbol\u00edsticas, est\u00e1 dando de qu\u00e9 hablar en nuestro continente. Y es que la historia del <strong>Delf\u00edn Sporting Club de Malta,<\/strong> es casi tan sorprendente como el nombre del equipo.<\/p>\n<p>Naci\u00f3 hace apenas 28 a\u00f1os, <mark>y hoy ser\u00e1 el debutante absoluto en la edici\u00f3n 59 del torneo de equipos de la <strong>CONMEBOL.<\/strong><\/mark> Hasta hace dos a\u00f1os, jugaba en el ascenso ecuatoriano. En 1989 el equipo naci\u00f3 gracias a que se fusionaron dos instituciones: El club <strong>9 de Octubre<\/strong> y el equipo de barrio amateur <strong>Delf\u00edn.<\/strong> Primeramente se llam\u00f3<strong> 9 de Octubre-Delf\u00edn,<\/strong> pero poco despu\u00e9s pas\u00f3 a llamarse simplemente <strong>Delf\u00edn.<\/strong><\/p>\n<p style=\"text-align: center;\"><a href=\"https:\/\/www.futboltotal.com.mx\/futbol-mexicano\/liga-mx\/liga-mx-anuncia-mexico-seguira-la-copa-libertadores\/2017\/12\">VER M\u00c1S: Liga MX anuncia que M\u00e9xico seguir\u00e1 fuera de la Copa Libertadores<\/a><\/p>\n<p>Su escudo tambi\u00e9n llam\u00f3 mucho la atenci\u00f3n. Es un delf\u00edn saltando y hasta diciembre de 2017, el animal presentaba una mirada amenazante mientras cabeceaba un bal\u00f3n. Despu\u00e9s de la final del a\u00f1o pasado frente al <strong>Emelec,<\/strong> donde finalmente quedaron Subcampeones de la primera divisi\u00f3n de su pa\u00eds, <mark>la directiva decidi\u00f3 cambiar el logo.<\/mark> Esto, debido a que ahora tendr\u00edan proyecci\u00f3n internacional al clasificar a la <strong>Copa Libertadores,<\/strong> y el equipo tuvo que adaptarse a los est\u00e1ndares internacionales.<\/p>\n<p><img decoding=\"async\" loading=\"lazy\" class=\" wp-image-519136 aligncenter\" src=\"https:\/\/www.futboltotal.com.mx\/wp-content\/uploads\/2018\/02\/delfin-logos-2.jpg\" alt=\"\u00a1Hoy debuta el Delf\u00edn en la Copa Libertadores! 0\" srcset=\"http:\/\/desarrollo.grupomedios.com\/futbol\/wp-content\/uploads\/2018\/02\/delfin-logos-2.jpg 567w, http:\/\/desarrollo.grupomedios.com\/futbol\/wp-content\/uploads\/2018\/02\/delfin-logos-2-300x220.jpg 300w\" sizes=\"(max-width: 467px) 100vw, 467px\" \/><\/p>\n<p>El plantel adem\u00e1s se reforz\u00f3 con una simp\u00e1tica nueva mascota: <mark><strong>Cet\u00e1ceo<\/strong><\/mark> (que es como adem\u00e1s se hacen llamar simpatizantes del equipo). El perro pertenece al volante <strong>Jacob Murillo,<\/strong> quien adopt\u00f3 al can y lo acompa\u00f1a en los entrenamientos, hasta que finalmente termin\u00f3 por ganarse el cari\u00f1o de todo el cuadro.<\/p>\n<p><img decoding=\"async\" loading=\"lazy\" class=\"wp-image-519151 aligncenter\" src=\"https:\/\/www.futboltotal.com.mx\/wp-content\/uploads\/2018\/02\/delfin2.jpg\" alt=\"\u00a1Hoy debuta el Delf\u00edn en la Copa Libertadores! 1\" srcset=\"http:\/\/desarrollo.grupomedios.com\/futbol\/wp-content\/uploads\/2018\/02\/delfin2.jpg 900w, http:\/\/desarrollo.grupomedios.com\/futbol\/wp-content\/uploads\/2018\/02\/delfin2-150x150.jpg 150w, http:\/\/desarrollo.grupomedios.com\/futbol\/wp-content\/uploads\/2018\/02\/delfin2-300x300.jpg 300w, http:\/\/desarrollo.grupomedios.com\/futbol\/wp-content\/uploads\/2018\/02\/delfin2-768x768.jpg 768w\" sizes=\"(max-width: 479px) 100vw, 479px\" \/><\/p>\n<p><strong>Delf\u00edn<\/strong> comenz\u00f3 jugando en la Serie B de Ecuador (que ser\u00eda nuestra liga de <a href=\"https:\/\/www.futboltotal.com.mx\/estadisticas\/estadisticas-ascenso-mx\" target=\"_blank\" rel=\"noopener\">Ascenso<\/a>),\u00a0 en el cupo que era del<strong> 9 de Octubre.<\/strong> Ese mismo a\u00f1o y gracias a los grandes jugadores del <strong>Delf\u00edn<\/strong>\u00a0que se integraron al equipo de <strong>9 de Octubre,<\/strong> lograron ascender a primera. Se mantuvo en la categor\u00eda por cinco a\u00f1os y estuvo subiendo y bajando entre la Serie B y la Serie A hasta el 2007, un a\u00f1o nefasto para el club ya que descendieron a tercera divisi\u00f3n.<\/p>\n<p><mark>El renacer de <strong>Delf\u00edn<\/strong> fue en 2014,<\/mark> ya que ese a\u00f1o lograron subir a la Serie B y tan s\u00f3lo al a\u00f1o siguiente, en 2015, volvieron a la m\u00e1xima categor\u00eda del f\u00fatbol ecuatoriano siendo absoluto campe\u00f3n. Fue el inicio de muchos logros.<\/p>\n<p><img decoding=\"async\" loading=\"lazy\" class=\"wp-image-519142 aligncenter\" src=\"https:\/\/www.futboltotal.com.mx\/wp-content\/uploads\/2018\/02\/delfin.jpg\" alt=\"\u00a1Hoy debuta el Delf\u00edn en la Copa Libertadores! 2\" srcset=\"http:\/\/desarrollo.grupomedios.com\/futbol\/wp-content\/uploads\/2018\/02\/delfin.jpg 1000w, http:\/\/desarrollo.grupomedios.com\/futbol\/wp-content\/uploads\/2018\/02\/delfin-300x169.jpg 300w, http:\/\/desarrollo.grupomedios.com\/futbol\/wp-content\/uploads\/2018\/02\/delfin-768x432.jpg 768w, http:\/\/desarrollo.grupomedios.com\/futbol\/wp-content\/uploads\/2018\/02\/delfin-393x221.jpg 393w\" sizes=\"(max-width: 758px) 100vw, 758px\" \/><\/p>\n<p>Pero sin dudas, <mark>el logro m\u00e1s grande y m\u00e1s memorable de este plantel es el de levantar moralmente a una ciudad devastada.<\/mark>\u00a0En 2016, la provincia de <strong>Manab\u00ed<\/strong> sufri\u00f3 por un terrible sismo de 7.8 grados, dej\u00f3 m\u00e1s de 600 muertos y la ciudad de <strong>Manta<\/strong> qued\u00f3 en ruinas. El estadio del equipo qued\u00f3 inhabilitado por casi 200 d\u00edas debido a los da\u00f1os del terremoto; y el plantel junto con la directiva, se comprometieron a apoyar a las v\u00edctimas no s\u00f3lo con ayuda material: <mark>El <strong>Delf\u00edn<\/strong> ten\u00eda que darle una alegr\u00eda a sus aficionados.<\/mark><\/p>\n<p><em>&#8220;Siento que Dios est\u00e1 cerca del Delf\u00edn. Despu\u00e9s de un terremoto tan terrible, este equipo ha podido llevar, a trav\u00e9s del f\u00fatbol, una sonrisa a las personas que lo perdieron todo&#8221;,<\/em> dijo en su momento el presidente de la instituci\u00f3n, <strong>Jos\u00e9 Delgado.\u00a0<\/strong><\/p>\n<p>El a\u00f1o pasado, el equipo gan\u00f3 la primera etapa del campeonato goleando 4-1 a uno de los equipos m\u00e1s importantes del pa\u00eds: La <strong>Liga Deportiva Universitaria de Quito. <\/strong>Con ello, su pase a la <strong>Libertadores.<\/strong><\/p>\n<p style=\"text-align: center;\"><a href=\"https:\/\/www.futboltotal.com.mx\/futbol-internacional\/conoce-a-las-barras-peligrosas-del-futbol\/2018\/02\">VER M\u00c1S: Conoce a las barras m\u00e1s peligrosas del futbol<\/a><\/p>\n<p><mark><strong>Delf\u00edn<\/strong> debuta esta noche y en la fase de grupos.<\/mark> Comparte el <strong>Grupo B<\/strong> con grandes equipos de sus respectivos pa\u00edses: <strong>Atl\u00e9tico Nacional de Medell\u00edn<\/strong> (Colombia), <strong>Colo-Colo<\/strong> (Chile) y el <strong>Club Bol\u00edvar<\/strong> (Bolivia), este \u00faltimo, equipo al que enfrentar\u00e1 el debutante ecuatoriano de local y con toda la expectativa de sus fan\u00e1ticos.<\/p>\n<blockquote class=\"twitter-tweet\" data-data-dnt=\"true\">\n<p lang=\"es\" dir=\"ltr\">\u00a1ESTRENO INTERNACIONAL!\ud83c\udfa5\ud83c\udfc6<br \/>Para nosotros, este mi\u00e9rcoles, ser\u00e1 la pel\u00edcula m\u00e1s importante de nuestra historia. Compra tu boleto y ven a nuestro estreno copero ante <a href=\"https:\/\/twitter.com\/Bolivar_Oficial?ref_src=twsrc%5Etfw\">@Bolivar_Oficial<\/a><a href=\"https:\/\/twitter.com\/hashtag\/LibertadoresDSC?src=hash&amp;ref_src=twsrc%5Etfw\">#LibertadoresDSC<\/a><a href=\"https:\/\/twitter.com\/hashtag\/ElOrgullOdeManab%C3%AD?src=hash&amp;ref_src=twsrc%5Etfw\">#ElOrgullOdeManab\u00ed<\/a> <a href=\"https:\/\/t.co\/d9GccE3yHB\">pic.twitter.com\/d9GccE3yHB<\/a><\/p>\n<p>&mdash; Delf\u00edn Sporting Club (@DelfinSC) <a href=\"https:\/\/twitter.com\/DelfinSC\/status\/968568169555202052?ref_src=twsrc%5Etfw\">February 27, 2018<\/a><\/p><\/blockquote>\n<p><script async src=\"https:\/\/platform.twitter.com\/widgets.js\" charset=\"utf-8\"><\/script><\/p>\n<p>Este equipo de Ecuador nuevamente nos demuestra que los procesos se cumplen cuando hay trabajo duro y un gran objetivo. Manta hoy estar\u00e1 paralizada pero no por una tragedia: <mark><strong>Delf\u00edn<\/strong> saldr\u00e1 a la cancha como un equipo internacional,<\/mark> y el continente conocer\u00e1 a sus nuevos gladiadores.<\/p>\n<p><iframe loading=\"lazy\" src=\"https:\/\/player.vimeo.com\/video\/257961387\" frameborder=\"0\" title=\"Delfin debuta por la Libertadores\" webkitallowfullscreen mozallowfullscreen allowfullscreen><\/iframe><\/p>\n","protected":false},"excerpt":{"rendered":"<p>Conozcan al equipo ecuatoriano que es el m\u00e1s ocurrente del certamen sudamericano.<\/p>\n","protected":false},"author":165,"featured_media":519155,"comment_status":"closed","ping_status":"closed","sticky":false,"template":"","format":"standard","meta":[],"categories":[3859,3839],"tags":[2075,5122,712,1396,2991,11927,11928,708,11930,5724,11270,11929,3507],"_links":{"self":[{"href":"http:\/\/desarrollo.grupomedios.com\/futbol\/wp-json\/wp\/v2\/posts\/519124"}],"collection":[{"href":"http:\/\/desarrollo.grupomedios.com\/futbol\/wp-json\/wp\/v2\/posts"}],"about":[{"href":"http:\/\/desarrollo.grupomedios.com\/futbol\/wp-json\/wp\/v2\/types\/post"}],"author":[{"embeddable":true,"href":"http:\/\/desarrollo.grupomedios.com\/futbol\/wp-json\/wp\/v2\/users\/165"}],"replies":[{"embeddable":true,"href":"http:\/\/desarrollo.grupomedios.com\/futbol\/wp-json\/wp\/v2\/comments?post=519124"}],"version-history":[{"count":8,"href":"http:\/\/desarrollo.grupomedios.com\/futbol\/wp-json\/wp\/v2\/posts\/519124\/revisions"}],"predecessor-version":[{"id":519161,"href":"http:\/\/desarrollo.grupomedios.com\/futbol\/wp-json\/wp\/v2\/posts\/519124\/revisions\/519161"}],"wp:featuredmedia":[{"embeddable":true,"href":"http:\/\/desarrollo.grupomedios.com\/futbol\/wp-json\/wp\/v2\/media\/519155"}],"wp:attachment":[{"href":"http:\/\/desarrollo.grupomedios.com\/futbol\/wp-json\/wp\/v2\/media?parent=519124"}],"wp:term":[{"taxonomy":"category","embeddable":true,"href":"http:\/\/desarrollo.grupomedios.com\/futbol\/wp-json\/wp\/v2\/categories?post=519124"},{"taxonomy":"post_tag","embeddable":true,"href":"http:\/\/desarrollo.grupomedios.com\/futbol\/wp-json\/wp\/v2\/tags?post=519124"}],"curies":[{"name":"wp","href":"https:\/\/api.w.org\/{rel}","templated":true}]}}