{"id":519126,"date":"2018-02-28T13:20:12","date_gmt":"2018-02-28T19:20:12","guid":{"rendered":"https:\/\/www.futboltotal.com.mx\/?p=519126"},"modified":"2018-02-28T13:20:12","modified_gmt":"2018-02-28T19:20:12","slug":"psg-la-clausula-romper-contrato-neymar","status":"publish","type":"post","link":"http:\/\/desarrollo.grupomedios.com\/futbol\/futbol-internacional\/psg-la-clausula-romper-contrato-neymar\/2018\/02","title":{"rendered":"PSG y la cl\u00e1usula que puede romper el contrato con Neymar"},"content":{"rendered":"<p>El caso de <strong>Neymar<\/strong> y su lesi\u00f3n ha escalado a alturas insospechadas, no solo se trata de la ausencia del crack brasile\u00f1o en el juego m\u00e1s importante del <strong>Paris Saint-Germain<\/strong> ante el <strong>Real Madrid<\/strong> por la <strong>UEFA Champions League<\/strong>, sino que ahora podr\u00eda significar una ruptura entre la directiva parisina y el jugador que podr\u00eda romper el contrato que los tiene ligados en este momento y por un jugador que pagaron 222 millones de euros.<\/p>\n<p>De acuerdo a informaci\u00f3n revelada por el diario Folha de Sao Paulo, todo se reduce a saber el tratamiento que tomar\u00e1 el brasile\u00f1o para la lesi\u00f3n que present\u00f3 de\u00a0una fisura del quinto metatarsiano del pie derecho y es que los parisinos est\u00e1n totalmente en contra que el jugador pase por el quir\u00f3fano y <mark>de no llegar a un acuerdo con lo que ha estipulado el club, este podr\u00eda romper el contrato de forma unilateral y obligar de esta forma a que Neymar haga el pago de\u00a0una indemnizaci\u00f3n millonaria.<\/mark><\/p>\n<p style=\"text-align: center;\"><a href=\"https:\/\/www.futboltotal.com.mx\/futbol-internacional\/liga-de-espana\/sergio-ramos-furioso-isco-tras-derrota-del-real-madrid\/2018\/02\">VER M\u00c1S: Sergio Ramos, furioso con Isco tras derrota del Real Madrid<\/a><\/p>\n<p>https:\/\/twitter.com\/Andres_Vaca_\/status\/967883450291183616<\/p>\n<p>El pasado domingo el &#8217;10&#8217; parisino sufri\u00f3 la lesi\u00f3n ante el <strong>Olympique de Marsella<\/strong> y desde entonces no se ha parado de hablar de la lesi\u00f3n del futbolista, quien tiene ante sus ojos la posibilidad de dos tratamientos distintos; <mark>el cuadro franc\u00e9s le ha indicado que necesita una terapia conservadora, con la cual podr\u00eda disponer del futbolista cuanto antes (incluso pensando en unos hipot\u00e9ticos Cuartos de Final en la Champions League).<\/mark><\/p>\n<p><mark>Mientras que el jugador y la Selecci\u00f3n de Brasil tienen como opci\u00f3n pasar al quir\u00f3fano y hacer una cirug\u00eda con un estimado de dos meses de recuperaci\u00f3n<\/mark> y asegurar de esta forma que llegue a tiempo y con ritmo futbol\u00edstico a la <strong>Copa del Mundo de Rusia 2018<\/strong>, la cual empieza el 10 de junio.<\/p>\n<p>Esto sin duda tiene muy enfadada a la directiva, pues de tomar la segunda opci\u00f3n, no podr\u00eda contar con el futbolista hasta la final de la Champions League el\u00a026 de mayo en Kiev, claro est\u00e1 si el equipo es capaz de llegar hasta esa instancia. Pero la otra cara de la moneda es que de no operarse podr\u00eda recaer en la lesi\u00f3n al ser en una zona muy delicada y perderse el Mundial.<\/p>\n<p style=\"text-align: center;\"><a href=\"https:\/\/www.futboltotal.com.mx\/futbol-mexicano\/liga-mx\/andre-pierre-gignac-puede-ir-a-rusia-2018\/2018\/02\">VER M\u00c1S: Andr\u00e9-Pierre Gignac puede ir a Rusia 2018<\/a><\/p>\n<p>&nbsp;<\/p>\n","protected":false},"excerpt":{"rendered":"<p>El &#8217;10&#8217; brasile\u00f1o debe tomar una decisi\u00f3n para saber c\u00f3mo se va a recuperar de su lesi\u00f3n<\/p>\n","protected":false},"author":159,"featured_media":519128,"comment_status":"closed","ping_status":"closed","sticky":false,"template":"","format":"standard","meta":[],"categories":[3839,9609],"tags":[413,408,6001,1376],"_links":{"self":[{"href":"http:\/\/desarrollo.grupomedios.com\/futbol\/wp-json\/wp\/v2\/posts\/519126"}],"collection":[{"href":"http:\/\/desarrollo.grupomedios.com\/futbol\/wp-json\/wp\/v2\/posts"}],"about":[{"href":"http:\/\/desarrollo.grupomedios.com\/futbol\/wp-json\/wp\/v2\/types\/post"}],"author":[{"embeddable":true,"href":"http:\/\/desarrollo.grupomedios.com\/futbol\/wp-json\/wp\/v2\/users\/159"}],"replies":[{"embeddable":true,"href":"http:\/\/desarrollo.grupomedios.com\/futbol\/wp-json\/wp\/v2\/comments?post=519126"}],"version-history":[{"count":1,"href":"http:\/\/desarrollo.grupomedios.com\/futbol\/wp-json\/wp\/v2\/posts\/519126\/revisions"}],"predecessor-version":[{"id":519129,"href":"http:\/\/desarrollo.grupomedios.com\/futbol\/wp-json\/wp\/v2\/posts\/519126\/revisions\/519129"}],"wp:featuredmedia":[{"embeddable":true,"href":"http:\/\/desarrollo.grupomedios.com\/futbol\/wp-json\/wp\/v2\/media\/519128"}],"wp:attachment":[{"href":"http:\/\/desarrollo.grupomedios.com\/futbol\/wp-json\/wp\/v2\/media?parent=519126"}],"wp:term":[{"taxonomy":"category","embeddable":true,"href":"http:\/\/desarrollo.grupomedios.com\/futbol\/wp-json\/wp\/v2\/categories?post=519126"},{"taxonomy":"post_tag","embeddable":true,"href":"http:\/\/desarrollo.grupomedios.com\/futbol\/wp-json\/wp\/v2\/tags?post=519126"}],"curies":[{"name":"wp","href":"https:\/\/api.w.org\/{rel}","templated":true}]}}